[{"@context":"https:\/\/schema.org\/","@type":"Blog","@id":"https:\/\/www.vatera.cz#Blog","headline":"Vatera","description":"\nP\u0159\u00e1telstv\u00ed se d\u00e1 ve sv\u011bt\u011b naj\u00edt na nejr\u016fzn\u011bj\u0161\u00edch m\u00edstech, ale p\u0159esto je vz\u00e1cn\u00e9. A dost mo\u017en\u00e1 si ani nedovedete p\u0159edstavit, kolik t\u00e9to vz\u00e1cnosti nab\u00edz\u00ed n\u00e1\u0161 web.","url":"https:\/\/www.vatera.cz","hasPart":[{"@type":"Article","@id":"https:\/\/www.vatera.cz\/predevsim-klid\/","headline":"P\u0159edev\u0161\u00edm klid","url":"https:\/\/www.vatera.cz\/predevsim-klid\/","datePublished":"2026-01-04","dateModified":"2026-01-04","mainEntityOfPage":"https:\/\/www.vatera.cz\/predevsim-klid\/","author":{"@type":"Person","@id":"https:\/\/www.vatera.cz\/author\/devene\/#Person","name":"devene","url":"https:\/\/www.vatera.cz\/author\/devene\/","identifier":1,"image":{"@type":"ImageObject","@id":"https:\/\/secure.gravatar.com\/avatar\/093836c6bc976bea6a4c3cd39f9136c261430c33201aa865249fef2be34e3fdb?s=96&d=mm&r=g","url":"https:\/\/secure.gravatar.com\/avatar\/093836c6bc976bea6a4c3cd39f9136c261430c33201aa865249fef2be34e3fdb?s=96&d=mm&r=g","height":96,"width":96}},"publisher":{"@type":"Organization","name":"vatera.cz","logo":{"@type":"ImageObject","@id":"\/logo.png","url":"\/logo.png","width":600,"height":60}},"image":{"@type":"ImageObject","@id":"https:\/\/www.vatera.cz\/wp-content\/uploads\/pexels-ivan-s-8962677.jpg","url":"https:\/\/www.vatera.cz\/wp-content\/uploads\/pexels-ivan-s-8962677.jpg","height":0,"width":0},"wordCount":652,"keywords":null},{"@type":"Article","@id":"https:\/\/www.vatera.cz\/testujte-se\/","headline":"Testujte se","url":"https:\/\/www.vatera.cz\/testujte-se\/","datePublished":"2025-12-16","dateModified":"2025-12-16","mainEntityOfPage":"https:\/\/www.vatera.cz\/testujte-se\/","author":{"@type":"Person","@id":"https:\/\/www.vatera.cz\/author\/devene\/#Person","name":"devene","url":"https:\/\/www.vatera.cz\/author\/devene\/","identifier":1,"image":{"@type":"ImageObject","@id":"https:\/\/secure.gravatar.com\/avatar\/093836c6bc976bea6a4c3cd39f9136c261430c33201aa865249fef2be34e3fdb?s=96&d=mm&r=g","url":"https:\/\/secure.gravatar.com\/avatar\/093836c6bc976bea6a4c3cd39f9136c261430c33201aa865249fef2be34e3fdb?s=96&d=mm&r=g","height":96,"width":96}},"publisher":{"@type":"Organization","name":"vatera.cz","logo":{"@type":"ImageObject","@id":"\/logo.png","url":"\/logo.png","width":600,"height":60}},"image":{"@type":"ImageObject","@id":"https:\/\/www.vatera.cz\/wp-content\/uploads\/antigen-6939139_640_10_10_10_10_1.jpg","url":"https:\/\/www.vatera.cz\/wp-content\/uploads\/antigen-6939139_640_10_10_10_10_1.jpg","height":0,"width":0},"wordCount":543,"keywords":null},{"@type":"Article","@id":"https:\/\/www.vatera.cz\/velmi-prakticke-dvere\/","headline":"Velmi praktick\u00e9 dve\u0159e","url":"https:\/\/www.vatera.cz\/velmi-prakticke-dvere\/","datePublished":"2025-11-25","dateModified":"2025-11-25","mainEntityOfPage":"https:\/\/www.vatera.cz\/velmi-prakticke-dvere\/","author":{"@type":"Person","@id":"https:\/\/www.vatera.cz\/author\/devene\/#Person","name":"devene","url":"https:\/\/www.vatera.cz\/author\/devene\/","identifier":1,"image":{"@type":"ImageObject","@id":"https:\/\/secure.gravatar.com\/avatar\/093836c6bc976bea6a4c3cd39f9136c261430c33201aa865249fef2be34e3fdb?s=96&d=mm&r=g","url":"https:\/\/secure.gravatar.com\/avatar\/093836c6bc976bea6a4c3cd39f9136c261430c33201aa865249fef2be34e3fdb?s=96&d=mm&r=g","height":96,"width":96}},"publisher":{"@type":"Organization","name":"vatera.cz","logo":{"@type":"ImageObject","@id":"\/logo.png","url":"\/logo.png","width":600,"height":60}},"image":{"@type":"ImageObject","@id":"https:\/\/www.vatera.cz\/wp-content\/uploads\/man-6596010_640.jpg","url":"https:\/\/www.vatera.cz\/wp-content\/uploads\/man-6596010_640.jpg","height":0,"width":0},"wordCount":539,"keywords":null},{"@type":"Article","@id":"https:\/\/www.vatera.cz\/necekane-prakticky-doplnek\/","headline":"Ne\u010dekan\u011b praktick\u00fd dopln\u011bk","url":"https:\/\/www.vatera.cz\/necekane-prakticky-doplnek\/","datePublished":"2025-11-08","dateModified":"2025-11-08","mainEntityOfPage":"https:\/\/www.vatera.cz\/necekane-prakticky-doplnek\/","author":{"@type":"Person","@id":"https:\/\/www.vatera.cz\/author\/devene\/#Person","name":"devene","url":"https:\/\/www.vatera.cz\/author\/devene\/","identifier":1,"image":{"@type":"ImageObject","@id":"https:\/\/secure.gravatar.com\/avatar\/093836c6bc976bea6a4c3cd39f9136c261430c33201aa865249fef2be34e3fdb?s=96&d=mm&r=g","url":"https:\/\/secure.gravatar.com\/avatar\/093836c6bc976bea6a4c3cd39f9136c261430c33201aa865249fef2be34e3fdb?s=96&d=mm&r=g","height":96,"width":96}},"publisher":{"@type":"Organization","name":"vatera.cz","logo":{"@type":"ImageObject","@id":"\/logo.png","url":"\/logo.png","width":600,"height":60}},"image":{"@type":"ImageObject","@id":"https:\/\/www.vatera.cz\/wp-content\/uploads\/laptop-593673_1280_10_1.jpg","url":"https:\/\/www.vatera.cz\/wp-content\/uploads\/laptop-593673_1280_10_1.jpg","height":0,"width":0},"wordCount":625,"keywords":null},{"@type":"Article","@id":"https:\/\/www.vatera.cz\/batoh-s-originalnim-potiskem-jako-inspirace-pro-kolegy-z-prace\/","headline":"Batoh s origin\u00e1ln\u00edm potiskem jako inspirace pro kolegy z pr\u00e1ce","url":"https:\/\/www.vatera.cz\/batoh-s-originalnim-potiskem-jako-inspirace-pro-kolegy-z-prace\/","datePublished":"2025-11-03","dateModified":"2025-11-03","mainEntityOfPage":"https:\/\/www.vatera.cz\/batoh-s-originalnim-potiskem-jako-inspirace-pro-kolegy-z-prace\/","author":{"@type":"Person","@id":"https:\/\/www.vatera.cz\/author\/devene\/#Person","name":"devene","url":"https:\/\/www.vatera.cz\/author\/devene\/","identifier":1,"image":{"@type":"ImageObject","@id":"https:\/\/secure.gravatar.com\/avatar\/093836c6bc976bea6a4c3cd39f9136c261430c33201aa865249fef2be34e3fdb?s=96&d=mm&r=g","url":"https:\/\/secure.gravatar.com\/avatar\/093836c6bc976bea6a4c3cd39f9136c261430c33201aa865249fef2be34e3fdb?s=96&d=mm&r=g","height":96,"width":96}},"publisher":{"@type":"Organization","name":"vatera.cz","logo":{"@type":"ImageObject","@id":"\/logo.png","url":"\/logo.png","width":600,"height":60}},"image":{"@type":"ImageObject","@id":"https:\/\/www.vatera.cz\/wp-content\/uploads\/woman-5596173_640_4.jpg","url":"https:\/\/www.vatera.cz\/wp-content\/uploads\/woman-5596173_640_4.jpg","height":0,"width":0},"wordCount":664,"keywords":null},{"@type":"Article","@id":"https:\/\/www.vatera.cz\/podnikatele-potrebuji-pujcky\/","headline":"Podnikatel\u00e9 pot\u0159ebuj\u00ed p\u016fj\u010dky","url":"https:\/\/www.vatera.cz\/podnikatele-potrebuji-pujcky\/","datePublished":"2025-10-17","dateModified":"2025-10-17","mainEntityOfPage":"https:\/\/www.vatera.cz\/podnikatele-potrebuji-pujcky\/","author":{"@type":"Person","@id":"https:\/\/www.vatera.cz\/author\/devene\/#Person","name":"devene","url":"https:\/\/www.vatera.cz\/author\/devene\/","identifier":1,"image":{"@type":"ImageObject","@id":"https:\/\/secure.gravatar.com\/avatar\/093836c6bc976bea6a4c3cd39f9136c261430c33201aa865249fef2be34e3fdb?s=96&d=mm&r=g","url":"https:\/\/secure.gravatar.com\/avatar\/093836c6bc976bea6a4c3cd39f9136c261430c33201aa865249fef2be34e3fdb?s=96&d=mm&r=g","height":96,"width":96}},"publisher":{"@type":"Organization","name":"vatera.cz","logo":{"@type":"ImageObject","@id":"\/logo.png","url":"\/logo.png","width":600,"height":60}},"image":{"@type":"ImageObject","@id":"https:\/\/www.vatera.cz\/wp-content\/uploads\/ppppppppp_10_10_10_10_4.jpg","url":"https:\/\/www.vatera.cz\/wp-content\/uploads\/ppppppppp_10_10_10_10_4.jpg","height":0,"width":0},"wordCount":592,"keywords":null},{"@type":"Article","@id":"https:\/\/www.vatera.cz\/proc-tak-casto-opomijime-revize-elektriny-v-byte\/","headline":"Pro\u010d tak \u010dasto opom\u00edj\u00edme revize elekt\u0159iny v byt\u011b?","url":"https:\/\/www.vatera.cz\/proc-tak-casto-opomijime-revize-elektriny-v-byte\/","datePublished":"2025-09-07","dateModified":"2025-09-07","mainEntityOfPage":"https:\/\/www.vatera.cz\/proc-tak-casto-opomijime-revize-elektriny-v-byte\/","author":{"@type":"Person","@id":"https:\/\/www.vatera.cz\/author\/devene\/#Person","name":"devene","url":"https:\/\/www.vatera.cz\/author\/devene\/","identifier":1,"image":{"@type":"ImageObject","@id":"https:\/\/secure.gravatar.com\/avatar\/093836c6bc976bea6a4c3cd39f9136c261430c33201aa865249fef2be34e3fdb?s=96&d=mm&r=g","url":"https:\/\/secure.gravatar.com\/avatar\/093836c6bc976bea6a4c3cd39f9136c261430c33201aa865249fef2be34e3fdb?s=96&d=mm&r=g","height":96,"width":96}},"publisher":{"@type":"Organization","name":"vatera.cz","logo":{"@type":"ImageObject","@id":"\/logo.png","url":"\/logo.png","width":600,"height":60}},"image":{"@type":"ImageObject","@id":"https:\/\/www.vatera.cz\/wp-content\/uploads\/elektrikar1_10_10_10_10_10_10.jpg","url":"https:\/\/www.vatera.cz\/wp-content\/uploads\/elektrikar1_10_10_10_10_10_10.jpg","height":0,"width":0},"wordCount":591,"keywords":null},{"@type":"Article","@id":"https:\/\/www.vatera.cz\/aby-vas-luxusni-bazen-opravdu-bavil\/","headline":"Aby v\u00e1s luxusn\u00ed baz\u00e9n opravdu bavil","url":"https:\/\/www.vatera.cz\/aby-vas-luxusni-bazen-opravdu-bavil\/","datePublished":"2025-08-08","dateModified":"2025-08-08","mainEntityOfPage":"https:\/\/www.vatera.cz\/aby-vas-luxusni-bazen-opravdu-bavil\/","author":{"@type":"Person","@id":"https:\/\/www.vatera.cz\/author\/devene\/#Person","name":"devene","url":"https:\/\/www.vatera.cz\/author\/devene\/","identifier":1,"image":{"@type":"ImageObject","@id":"https:\/\/secure.gravatar.com\/avatar\/093836c6bc976bea6a4c3cd39f9136c261430c33201aa865249fef2be34e3fdb?s=96&d=mm&r=g","url":"https:\/\/secure.gravatar.com\/avatar\/093836c6bc976bea6a4c3cd39f9136c261430c33201aa865249fef2be34e3fdb?s=96&d=mm&r=g","height":96,"width":96}},"publisher":{"@type":"Organization","name":"vatera.cz","logo":{"@type":"ImageObject","@id":"\/logo.png","url":"\/logo.png","width":600,"height":60}},"image":{"@type":"ImageObject","@id":"https:\/\/www.vatera.cz\/wp-content\/uploads\/pool-375464_640_4.jpg","url":"https:\/\/www.vatera.cz\/wp-content\/uploads\/pool-375464_640_4.jpg","height":0,"width":0},"wordCount":710,"keywords":null},{"@type":"Article","@id":"https:\/\/www.vatera.cz\/prijemny-saten\/","headline":"P\u0159\u00edjemn\u00fd sat\u00e9n","url":"https:\/\/www.vatera.cz\/prijemny-saten\/","datePublished":"2025-07-07","dateModified":"2025-07-07","mainEntityOfPage":"https:\/\/www.vatera.cz\/prijemny-saten\/","author":{"@type":"Person","@id":"https:\/\/www.vatera.cz\/author\/devene\/#Person","name":"devene","url":"https:\/\/www.vatera.cz\/author\/devene\/","identifier":1,"image":{"@type":"ImageObject","@id":"https:\/\/secure.gravatar.com\/avatar\/093836c6bc976bea6a4c3cd39f9136c261430c33201aa865249fef2be34e3fdb?s=96&d=mm&r=g","url":"https:\/\/secure.gravatar.com\/avatar\/093836c6bc976bea6a4c3cd39f9136c261430c33201aa865249fef2be34e3fdb?s=96&d=mm&r=g","height":96,"width":96}},"publisher":{"@type":"Organization","name":"vatera.cz","logo":{"@type":"ImageObject","@id":"\/logo.png","url":"\/logo.png","width":600,"height":60}},"image":{"@type":"ImageObject","@id":"https:\/\/www.vatera.cz\/wp-content\/uploads\/ruffle-1136959_640.jpg","url":"https:\/\/www.vatera.cz\/wp-content\/uploads\/ruffle-1136959_640.jpg","height":0,"width":0},"wordCount":565,"keywords":null},{"@type":"Article","@id":"https:\/\/www.vatera.cz\/veci-ktere-byste-meli-vedet-o-cviceni-doma\/","headline":"V\u011bci, kter\u00e9 byste m\u011bli v\u011bd\u011bt o cvi\u010den\u00ed doma","url":"https:\/\/www.vatera.cz\/veci-ktere-byste-meli-vedet-o-cviceni-doma\/","datePublished":"2025-07-07","dateModified":"2025-07-07","mainEntityOfPage":"https:\/\/www.vatera.cz\/veci-ktere-byste-meli-vedet-o-cviceni-doma\/","author":{"@type":"Person","@id":"https:\/\/www.vatera.cz\/author\/devene\/#Person","name":"devene","url":"https:\/\/www.vatera.cz\/author\/devene\/","identifier":1,"image":{"@type":"ImageObject","@id":"https:\/\/secure.gravatar.com\/avatar\/093836c6bc976bea6a4c3cd39f9136c261430c33201aa865249fef2be34e3fdb?s=96&d=mm&r=g","url":"https:\/\/secure.gravatar.com\/avatar\/093836c6bc976bea6a4c3cd39f9136c261430c33201aa865249fef2be34e3fdb?s=96&d=mm&r=g","height":96,"width":96}},"publisher":{"@type":"Organization","name":"vatera.cz","logo":{"@type":"ImageObject","@id":"\/logo.png","url":"\/logo.png","width":600,"height":60}},"image":{"@type":"ImageObject","@id":"https:\/\/www.vatera.cz\/wp-content\/uploads\/elena-kloppenburg-erUC4fTtCuo-unsplash.jpg","url":"https:\/\/www.vatera.cz\/wp-content\/uploads\/elena-kloppenburg-erUC4fTtCuo-unsplash.jpg","height":0,"width":0},"wordCount":719,"keywords":null}]},{"@context":"https:\/\/schema.org","@type":"WebSite","@id":"https:\/\/www.vatera.cz\/#website","name":"Vatera","url":"https:\/\/www.vatera.cz","potentialAction":{"@type":"SearchAction","target":"https:\/\/www.vatera.cz\/?s={search_term_string}","query-input":"required name=search_term_string"}}]