[{"@context":"https:\/\/schema.org\/","@type":"Article","@id":"https:\/\/www.vatera.cz\/aby-zada-nebolela\/#Article","mainEntityOfPage":"https:\/\/www.vatera.cz\/aby-zada-nebolela\/","headline":"Aby z\u00e1da nebolela","name":"Aby z\u00e1da nebolela","description":"Man\u017eelsk\u00e1 postel pat\u0159\u00ed mezi neodmyslitelnou sou\u010d\u00e1st lo\u017enice. \u010clov\u011bk v pr\u016fm\u011bru prosp\u00ed a\u017e jednu t\u0159etinu \u017eivota, proto je pot\u0159eba, abychom pr\u00e1v\u011b do tohoto kousku n\u00e1bytku po\u0159\u00e1dn\u011b zainvestovali. Jinak budete ve st\u00e1\u017e\u00ed litovat, kdy se objev\u00ed bolesti kr\u010dn\u00ed a bedern\u00ed p\u00e1te\u0159e. V\u011b\u0159te, ale rozhodn\u011b to nen\u00ed nic p\u0159\u00edjemn\u00e9ho. V prvn\u00ed \u0159ad\u011b je pot\u0159eba, aby se v\u00e1m na [&hellip;]","datePublished":"2020-02-27","dateModified":"2023-09-13","author":{"@type":"Person","@id":"https:\/\/www.vatera.cz\/author\/devene\/#Person","name":"devene","url":"https:\/\/www.vatera.cz\/author\/devene\/","identifier":1,"image":{"@type":"ImageObject","@id":"https:\/\/secure.gravatar.com\/avatar\/093836c6bc976bea6a4c3cd39f9136c261430c33201aa865249fef2be34e3fdb?s=96&d=mm&r=g","url":"https:\/\/secure.gravatar.com\/avatar\/093836c6bc976bea6a4c3cd39f9136c261430c33201aa865249fef2be34e3fdb?s=96&d=mm&r=g","height":96,"width":96}},"publisher":{"@type":"Organization","name":"vatera.cz","logo":{"@type":"ImageObject","@id":"\/logo.png","url":"\/logo.png","width":600,"height":60}},"image":{"@type":"ImageObject","@id":"https:\/\/www.vatera.cz\/wp-content\/uploads\/img_a376245_w4174_t1587629546.jpg","url":"https:\/\/www.vatera.cz\/wp-content\/uploads\/img_a376245_w4174_t1587629546.jpg","height":0,"width":0},"url":"https:\/\/www.vatera.cz\/aby-zada-nebolela\/","about":["Nakupov\u00e1n\u00ed"],"wordCount":402,"articleBody":"        Man\u017eelsk\u00e1 postel pat\u0159\u00ed mezi neodmyslitelnou sou\u010d\u00e1st lo\u017enice. \u010clov\u011bk v pr\u016fm\u011bru prosp\u00ed a\u017e jednu t\u0159etinu \u017eivota, proto je pot\u0159eba, abychom pr\u00e1v\u011b do tohoto kousku n\u00e1bytku po\u0159\u00e1dn\u011b zainvestovali. Jinak budete ve st\u00e1\u017e\u00ed litovat, kdy se objev\u00ed bolesti kr\u010dn\u00ed a bedern\u00ed p\u00e1te\u0159e. V\u011b\u0159te, ale rozhodn\u011b to nen\u00ed nic p\u0159\u00edjemn\u00e9ho. V prvn\u00ed \u0159ad\u011b je pot\u0159eba, aby se v\u00e1m na l\u016f\u017eku dob\u0159e spalo. Jen\u017ee jak to poznat u\u017e p\u0159i samotn\u00e9m v\u00fdb\u011bru? Zam\u011b\u0159ujte se na postele, kter\u00e9 jsou ergonomick\u00e9 a dostate\u010dn\u011b stabiln\u00ed. Stejn\u011b d\u016fle\u017eit\u00fd je i materi\u00e1l, ze kter\u00e9ho je postel vyrobena. V mnoha p\u0159\u00edpadech se toti\u017e jedn\u00e1 o investici na cel\u00fd \u017eivot a tak se zde rozhodn\u011b nevyplat\u00ed \u0161et\u0159it. Krom materi\u00e1lu dohl\u00e9dn\u011bte i na kvalitu spoj\u016f, zda jsou provedeny opravdu kvalitn\u011b. L\u016f\u017eko by v \u017e\u00e1dn\u00e9m p\u0159\u00edpad\u011b nem\u011blo m\u00edt d\u011blen\u00fd povrch, na takov\u00e9 matraci by se v\u00e1m hodn\u011b \u0161patn\u011b spalo a m\u011blo by b\u00fdt sp\u00ed\u0161 provizorn\u00ed mo\u017enost\u00ed pro n\u00e1v\u0161t\u011bvy. Rozhodn\u011b ne jako l\u016f\u017eko pro ka\u017edodenn\u00ed span\u00ed. D\u016fle\u017eit\u00e9 je vybrat i spr\u00e1vnou velikost. L\u016f\u017eko by v\u00e1m m\u011blo b\u00fdt tak akor\u00e1t, ide\u00e1ln\u00ed jsou proto dvoumetrov\u00e9 l\u016f\u017eko, na kter\u00e9 se pohodln\u011b vejdete vy i v\u00e1\u0161 partner. L\u016f\u017eko by nem\u011blo p\u016fsobit ani p\u0159\u00edli\u0161 robustn\u00edm dojmem, m\u011bjte na pam\u011bti, \u017ee se vedle postele mus\u00ed vt\u011bsnat je\u0161t\u011b dva no\u010dn\u00ed stolky. Chcete kvalitu? S\u00e1hn\u011bte po masivu\u2026 Velmi obl\u00edbenou variantou je postel masiv 180&#215;200, kter\u00e1 m\u00e1 ide\u00e1ln\u00ed velikost pro man\u017eelsk\u00fd p\u00e1r a hod\u00ed se do ka\u017ed\u00e9ho interi\u00e9ru. Tvrd\u00e9 d\u0159evo je z\u00e1rukou kvalitu u\u017e samo o sob\u011b, m\u00e1 toti\u017e \u0159adu nesporn\u00fdch v\u00fdhod. Jedn\u00e1 se o byteln\u00fd materi\u00e1l, kter\u00fd se neloupe a z\u00e1rove\u0148 se d\u00e1 velmi snadno sladit s okoln\u00edm n\u00e1bytkem. Tvrd\u00e9 d\u0159evo pozn\u00e1te na prvn\u00ed pohled, proto se v\u00e1m nem\u016f\u017ee nikdy st\u00e1t, \u017ee byste nalet\u011bli prodejci. V\u017edy se ujist\u011bte, \u017ee je d\u0159evo opat\u0159eno ochrann\u00fdm n\u00e1t\u011brem, kter\u00fd nepropou\u0161t\u00ed UV z\u00e1\u0159en\u00ed. Jinak by mohlo d\u0159evo postupem \u010dasu blednout a ztr\u00e1cet svou p\u0159irozenou barvu.                                                                                                                                                                                                                                                                                                                                                                                                  "},{"@context":"https:\/\/schema.org\/","@type":"BreadcrumbList","itemListElement":[{"@type":"ListItem","position":1,"name":"Aby z\u00e1da nebolela","item":"https:\/\/www.vatera.cz\/aby-zada-nebolela\/#breadcrumbitem"}]}]