[{"@context":"https:\/\/schema.org\/","@type":"Article","@id":"https:\/\/www.vatera.cz\/budete-kralovnou-vaseho-vyroci-s-peknym-darkem-pro-muze\/#Article","mainEntityOfPage":"https:\/\/www.vatera.cz\/budete-kralovnou-vaseho-vyroci-s-peknym-darkem-pro-muze\/","headline":"Budete kr\u00e1lovnou Va\u0161eho v\u00fdro\u010d\u00ed s p\u011bkn\u00fdm d\u00e1rkem pro mu\u017ee","name":"Budete kr\u00e1lovnou Va\u0161eho v\u00fdro\u010d\u00ed s p\u011bkn\u00fdm d\u00e1rkem pro mu\u017ee","description":"V\u00a0sou\u010dasn\u00e9 dob\u011b se ji\u017e na\u0161t\u011bst\u00ed moc nehraje na to, kolik dan\u00e1 v\u011bc stoj\u00ed, ale sp\u00ed\u0161 na to, jak moc je dan\u00e1 v\u011bc jedine\u010dn\u00e1 a origin\u00e1ln\u00ed a kolik lid\u00ed j\u00ed m\u00e1 nebo nem\u00e1. Tak to funguje, i kdy\u017e vym\u00fd\u0161l\u00edte v\u011bc, kterou d\u00e1te Va\u0161emu p\u0159\u00edtelovi nebo d\u011bde\u010dkovi \u010di tat\u00ednkovi k\u00a0narozenin\u00e1m. Proto\u017ee V\u00e1m se zd\u00e1, \u017ee v\u0161echno pot\u0159ebn\u00e9 [&hellip;]","datePublished":"2024-10-30","dateModified":"2024-10-30","author":{"@type":"Person","@id":"https:\/\/www.vatera.cz\/author\/devene\/#Person","name":"devene","url":"https:\/\/www.vatera.cz\/author\/devene\/","identifier":1,"image":{"@type":"ImageObject","@id":"https:\/\/secure.gravatar.com\/avatar\/093836c6bc976bea6a4c3cd39f9136c261430c33201aa865249fef2be34e3fdb?s=96&d=mm&r=g","url":"https:\/\/secure.gravatar.com\/avatar\/093836c6bc976bea6a4c3cd39f9136c261430c33201aa865249fef2be34e3fdb?s=96&d=mm&r=g","height":96,"width":96}},"publisher":{"@type":"Organization","name":"vatera.cz","logo":{"@type":"ImageObject","@id":"\/logo.png","url":"\/logo.png","width":600,"height":60}},"url":"https:\/\/www.vatera.cz\/budete-kralovnou-vaseho-vyroci-s-peknym-darkem-pro-muze\/","wordCount":264,"articleBody":"\tV\u00a0sou\u010dasn\u00e9 dob\u011b se ji\u017e na\u0161t\u011bst\u00ed moc nehraje na to, kolik dan\u00e1 v\u011bc stoj\u00ed, ale sp\u00ed\u0161 na to, jak moc je dan\u00e1 v\u011bc jedine\u010dn\u00e1 a origin\u00e1ln\u00ed a kolik lid\u00ed j\u00ed m\u00e1 nebo nem\u00e1. Tak to funguje, i kdy\u017e vym\u00fd\u0161l\u00edte v\u011bc, kterou d\u00e1te Va\u0161emu p\u0159\u00edtelovi nebo d\u011bde\u010dkovi \u010di tat\u00ednkovi k\u00a0narozenin\u00e1m. Proto\u017ee V\u00e1m se zd\u00e1, \u017ee v\u0161echno pot\u0159ebn\u00e9 u\u017e prost\u011b maj\u00ed, tak\u017ee te\u010f p\u0159i\u0161lo na \u0159adu n\u011bco, co jim d\u00e1te, aby jim to ud\u011blalo radost a aby jim to slou\u017eilo hlavn\u011b a p\u0159edev\u0161\u00edm pro pot\u011b\u0161en\u00ed.\tKr\u00e1sn\u00e1 origin\u00e1ln\u00ed pen\u011b\u017eenka nebo stylov\u00fd otv\u00edr\u00e1kTo jsou jedny z\u00a0n\u00e1pad\u016f, kter\u00e9 se skr\u00fdvaj\u00ed mezi kr\u00e1sn\u00fdmi a origin\u00e1ln\u00edmi d\u00e1rky pro mu\u017ee. Pod\u00edvejte se i Vy sama, co byste tak objednala a m\u016f\u017eete do ko\u0161\u00edku rovnou nasypat cel\u00e9 v\u00e1no\u010dn\u00ed d\u00e1rky pro p\u00e1nskou \u010d\u00e1st Va\u0161\u00ed rodiny a m\u00e1te vystar\u00e1no a t\u00edm se tak efektivn\u011b vyhnete v\u00e1no\u010dn\u00edmu shonu, kter\u00fd se bude d\u00edt v\u00a0m\u00edstn\u00edm obchodn\u00edm centru a kter\u00e9mu se opravdu s\u00a0radost\u00ed vyhnete, proto\u017ee to je n\u011bco, co naprosto nesn\u00e1\u0161\u00edte a co V\u00e1\u0161 mozek prost\u011b nepob\u00edr\u00e1, proto\u017ee nadch\u00e1zej\u00edc\u00ed v\u00e1no\u010dn\u00ed \u010das je p\u0159ece o klidu a m\u00edru a ne o depres\u00edch z\u00a0toho, co je je\u0161t\u011b pot\u0159eba koupit.\u00a0                                                                                                                                                                                                                                                                                                                                                                                                "},{"@context":"https:\/\/schema.org\/","@type":"BreadcrumbList","itemListElement":[{"@type":"ListItem","position":1,"name":"Budete kr\u00e1lovnou Va\u0161eho v\u00fdro\u010d\u00ed s p\u011bkn\u00fdm d\u00e1rkem pro mu\u017ee","item":"https:\/\/www.vatera.cz\/budete-kralovnou-vaseho-vyroci-s-peknym-darkem-pro-muze\/#breadcrumbitem"}]}]