[{"@context":"https:\/\/schema.org\/","@type":"Article","@id":"https:\/\/www.vatera.cz\/kdyz-vas-stehovani-vasi-firmy-zastihne-nepripravene\/#Article","mainEntityOfPage":"https:\/\/www.vatera.cz\/kdyz-vas-stehovani-vasi-firmy-zastihne-nepripravene\/","headline":"Kdy\u017e v\u00e1s st\u011bhov\u00e1n\u00ed va\u0161\u00ed firmy zastihne nep\u0159ipraven\u00e9","name":"Kdy\u017e v\u00e1s st\u011bhov\u00e1n\u00ed va\u0161\u00ed firmy zastihne nep\u0159ipraven\u00e9","description":"Jedn\u00edm z nejv\u011bt\u0161\u00edch nep\u0159\u00e1tel st\u011bhov\u00e1n\u00ed je chaos. Zvl\u00e1\u0161t\u011b u v\u011bt\u0161\u00edch akc\u00ed, jako je st\u011bhov\u00e1n\u00ed firem v Praze. P\u0159edstavte si, \u017ee m\u00e1te p\u0159ed sebou \u00fakol p\u0159em\u00edstit administrativn\u00ed budovu o p\u011bti patrech se stovkou kancel\u00e1\u0159\u00ed na druh\u00fd konec Prahy, a do toho \u0159e\u0161\u00edte mnoho slu\u017eebn\u00edch z\u00e1le\u017eitost\u00ed, tak\u017ee nev\u00edte, kde v\u00e1m hlava stoj\u00ed. Tehdy se vyplat\u00ed zklidnit mysl, [&hellip;]","datePublished":"2025-06-04","dateModified":"2025-06-04","author":{"@type":"Person","@id":"https:\/\/www.vatera.cz\/author\/devene\/#Person","name":"devene","url":"https:\/\/www.vatera.cz\/author\/devene\/","identifier":1,"image":{"@type":"ImageObject","@id":"https:\/\/secure.gravatar.com\/avatar\/093836c6bc976bea6a4c3cd39f9136c261430c33201aa865249fef2be34e3fdb?s=96&d=mm&r=g","url":"https:\/\/secure.gravatar.com\/avatar\/093836c6bc976bea6a4c3cd39f9136c261430c33201aa865249fef2be34e3fdb?s=96&d=mm&r=g","height":96,"width":96}},"publisher":{"@type":"Organization","name":"vatera.cz","logo":{"@type":"ImageObject","@id":"\/logo.png","url":"\/logo.png","width":600,"height":60}},"image":{"@type":"ImageObject","@id":"https:\/\/www.vatera.cz\/wp-content\/uploads\/desk-593327_640_10_4.jpg","url":"https:\/\/www.vatera.cz\/wp-content\/uploads\/desk-593327_640_10_4.jpg","height":0,"width":0},"url":"https:\/\/www.vatera.cz\/kdyz-vas-stehovani-vasi-firmy-zastihne-nepripravene\/","about":["Podnik\u00e1n\u00ed"],"wordCount":403,"articleBody":"       Jedn\u00edm z nejv\u011bt\u0161\u00edch nep\u0159\u00e1tel st\u011bhov\u00e1n\u00ed je chaos. Zvl\u00e1\u0161t\u011b u v\u011bt\u0161\u00edch akc\u00ed, jako je st\u011bhov\u00e1n\u00ed firem v Praze. P\u0159edstavte si, \u017ee m\u00e1te p\u0159ed sebou \u00fakol p\u0159em\u00edstit administrativn\u00ed budovu o p\u011bti patrech se stovkou kancel\u00e1\u0159\u00ed na druh\u00fd konec Prahy, a do toho \u0159e\u0161\u00edte mnoho slu\u017eebn\u00edch z\u00e1le\u017eitost\u00ed, tak\u017ee nev\u00edte, kde v\u00e1m hlava stoj\u00ed. Tehdy se vyplat\u00ed zklidnit mysl, zaj\u00edt do \u010dajovny, do cukr\u00e1rny, do restaurace nebo alespo\u0148 na relaxa\u010dn\u00ed mas\u00e1\u017e, kde p\u0159ijdete na jin\u00e9 my\u0161lenky, s nimi\u017e byste mohli zvl\u00e1dnout organizaci st\u011bhov\u00e1n\u00ed l\u00e9pe, ne\u017e va\u0161e dosavadn\u00ed \u00fakoly.Nebu\u010fte na to sami \u2013 dobr\u00fd \u0159editel firmy se dok\u00e1\u017ee obklopit lidmi, na kter\u00e9 je spolehnut\u00ed, pov\u011b\u0159\u00ed je d\u00edl\u010d\u00edmi \u00fakoly a s\u00e1m pak na jejich pln\u011bn\u00ed dohl\u00ed\u017e\u00ed. Vyplat\u00ed se vytipovat ve firm\u011b ty nejschopn\u011bj\u0161\u00ed a nejspolehliv\u011bj\u0161\u00ed jedince a pov\u011b\u0159it je organizac\u00ed \u00fakol\u016f, co se st\u011bhov\u00e1n\u00edm souvis\u00ed, jako nap\u0159\u00edklad t\u0159\u00edd\u011bn\u00ed firemn\u00ed dokumentace a skartace, balen\u00ed kancel\u00e1\u0159sk\u00e9ho vybaven\u00ed do krabic a zna\u010den\u00ed krabic a kancel\u00e1\u0159sk\u00e9ho n\u00e1bytku, kter\u00fd se bude st\u011bhovat bu\u010f v celistv\u00e9 podob\u011b, nebo demontovan\u00fd na jednotliv\u00e9 \u010d\u00e1sti.Term\u00edn st\u011bhov\u00e1n\u00ed \u2013 uva\u017eujete nad t\u00edm, kter\u00fd den se pustit do st\u011bhov\u00e1n\u00ed firem v Praze? Pak bychom v\u00e1m r\u00e1di doporu\u010dili st\u0159edu. V pond\u011bl\u00ed a v \u00fater\u00fd za\u010d\u00edn\u00e1 pracovn\u00ed t\u00fdden a mnoho lid\u00ed m\u016f\u017ee b\u00fdt podr\u00e1\u017ed\u011bn\u00fdch z toho, je v\u00edkend relativn\u011b daleko, a p\u0159ed nimi je dlouh\u00fdch p\u011bt pracovn\u00edch dn\u00ed. Ve st\u0159edu se ji\u017e l\u00e1me pracovn\u00ed t\u00fdden a v\u00edkend je na dohled. M\u016f\u017ee se to tak\u00e9 projevit na pracovn\u00ed v\u00fdkonnosti a p\u0159\u00edstupu k pr\u00e1ci.No\u010dn\u00ed akce \u2013 je-li st\u011bhovac\u00ed firma ochotn\u00e1, m\u016f\u017eete kancel\u00e1\u0159sk\u00e9 prostory p\u0159est\u011bhovat i v no\u010dn\u00edch hodin\u00e1ch. Je to v\u00fdhodn\u00e9 v tom, \u017ee v noci je t\u00e9m\u011b\u0159 nulov\u00fd provoz, ve m\u011bstech b\u00fdv\u00e1 naprost\u00fd klid a v takov\u00e9m prost\u0159ed\u00ed se v\u00e1m bude l\u00e9pe pracovat. St\u011bhov\u00e1n\u00ed b\u00fdv\u00e1 samo o sob\u011b stresuj\u00edc\u00ed podnik, a tak p\u0159ijde vhod ka\u017ed\u00fd podn\u011bt, kter\u00fd stres omez\u00ed na minimum.                                                                                                                                                                                                                                                                                                                                                                                                   "},{"@context":"https:\/\/schema.org\/","@type":"BreadcrumbList","itemListElement":[{"@type":"ListItem","position":1,"name":"Kdy\u017e v\u00e1s st\u011bhov\u00e1n\u00ed va\u0161\u00ed firmy zastihne nep\u0159ipraven\u00e9","item":"https:\/\/www.vatera.cz\/kdyz-vas-stehovani-vasi-firmy-zastihne-nepripravene\/#breadcrumbitem"}]}]