[{"@context":"https:\/\/schema.org\/","@type":"Article","@id":"https:\/\/www.vatera.cz\/navstivte-solarium-misto-dovolene\/#Article","mainEntityOfPage":"https:\/\/www.vatera.cz\/navstivte-solarium-misto-dovolene\/","headline":"Nav\u0161tivte sol\u00e1rium m\u00edsto dovolen\u00e9","name":"Nav\u0161tivte sol\u00e1rium m\u00edsto dovolen\u00e9","description":"V t\u00e9to dob\u011b se n\u00e1m nejsp\u00ed\u0161 nepo\u0161t\u011bst\u00ed, abychom jeli na dovolenou k mo\u0159i a u\u017e\u00edvali jsme si vodu, slun\u00ed\u010dko, relax a celkov\u00e9 vypnut\u00ed od okoln\u00edho sv\u011bta a dom\u00e1c\u00edch probl\u00e9m\u016f. N\u011bkdo si ur\u010dit\u011b m\u016f\u017ee cht\u00edt udr\u017eovat op\u00e1lenou poko\u017eku. V dne\u0161n\u00ed dob\u011b je celkem modern\u00ed m\u00edt bronzovou poko\u017eku a m\u00edt op\u00e1len\u00e9 t\u011blo. Jak to ud\u011blat, kdy\u017e venku [&hellip;]","datePublished":"2020-12-20","dateModified":"2023-11-20","author":{"@type":"Person","@id":"https:\/\/www.vatera.cz\/author\/devene\/#Person","name":"devene","url":"https:\/\/www.vatera.cz\/author\/devene\/","identifier":1,"image":{"@type":"ImageObject","@id":"https:\/\/secure.gravatar.com\/avatar\/093836c6bc976bea6a4c3cd39f9136c261430c33201aa865249fef2be34e3fdb?s=96&d=mm&r=g","url":"https:\/\/secure.gravatar.com\/avatar\/093836c6bc976bea6a4c3cd39f9136c261430c33201aa865249fef2be34e3fdb?s=96&d=mm&r=g","height":96,"width":96}},"publisher":{"@type":"Organization","name":"vatera.cz","logo":{"@type":"ImageObject","@id":"\/logo.png","url":"\/logo.png","width":600,"height":60}},"image":{"@type":"ImageObject","@id":"https:\/\/www.vatera.cz\/wp-content\/uploads\/dovolen%C3%A1%20u%20mo%C5%99e.jpg","url":"https:\/\/www.vatera.cz\/wp-content\/uploads\/dovolen%C3%A1%20u%20mo%C5%99e.jpg","height":0,"width":0},"url":"https:\/\/www.vatera.cz\/navstivte-solarium-misto-dovolene\/","about":["Nakupov\u00e1n\u00ed"],"wordCount":435,"articleBody":"        V t\u00e9to dob\u011b se n\u00e1m nejsp\u00ed\u0161 nepo\u0161t\u011bst\u00ed, abychom jeli na dovolenou k mo\u0159i a u\u017e\u00edvali jsme si vodu, slun\u00ed\u010dko, relax a celkov\u00e9 vypnut\u00ed od okoln\u00edho sv\u011bta a dom\u00e1c\u00edch probl\u00e9m\u016f. N\u011bkdo si ur\u010dit\u011b m\u016f\u017ee cht\u00edt udr\u017eovat op\u00e1lenou poko\u017eku. V dne\u0161n\u00ed dob\u011b je celkem modern\u00ed m\u00edt bronzovou poko\u017eku a m\u00edt op\u00e1len\u00e9 t\u011blo. Jak to ud\u011blat, kdy\u017e venku zat\u00edm m\u00e1me pouze sn\u00edh a zimu a do letn\u00edch destinac\u00ed se moment\u00e1ln\u011b nedostaneme? N\u011bkte\u0159\u00ed lid\u00e9 nemaj\u00ed to \u0161t\u011bst\u00ed, aby byli chv\u00edli venku na slun\u00ed\u010dku a dom\u016f se po dvou hodin\u00e1ch vr\u00e1tili kr\u00e1sn\u011b op\u00e1len\u00ed. Mo\u017en\u00e1, \u017ee i Vy jste ten typ, kter\u00fd m\u016f\u017ee b\u00fdt venku jenom chv\u00edli a ihned za\u010dne poci\u0165ovat, jak se mu pne k\u016f\u017ee, zlehka za\u010d\u00edn\u00e1 p\u00e1lit. Dom\u016f se z venku vr\u00e1t\u00edte sp\u00ed\u0161e \u010derven\u00ed a m\u00e1te sp\u00e1lenou poko\u017eku. V tomto p\u0159\u00edpad\u011b pro V\u00e1s nen\u00ed zdrav\u00e9 tr\u00e1vit na slun\u00ed\u010dku mnoho \u010dasu, proto\u017ee sp\u00e1len\u00e1 poko\u017eka nen\u00ed zdrav\u00e1.  Takovou poko\u017eku, kter\u00e1 je pot\u00e9 od slun\u00ed\u010dka zarudl\u00e1 se \u010dasem za\u010dne loupat. Jako prvn\u00ed z\u00e1chranu po sp\u00e1len\u00ed slun\u00ed\u010dkem m\u016f\u017eete pou\u017e\u00edt chladiv\u00e9 spreje nebo t\u011blov\u00e1 ml\u00e9ka po opalov\u00e1n\u00ed. Pro p\u0159\u00ed\u0161t\u011b je nutn\u00e9 se ven namazat opalovac\u00edm ml\u00e9kem s vy\u0161\u0161\u00edm faktorem.   Jestli\u017ee se i p\u0159esto chcete op\u00e1lit a z\u00edskat tmav\u0161\u00ed poko\u017eku, tak m\u016f\u017eete nav\u0161t\u00edvit sol\u00e1rium Brno Naomi Brno. D\u00edky sol\u00e1riu z\u00edsk\u00e1te postupn\u011b takovou barvu k\u016f\u017ee, jakou byste cht\u011bli a dlouho si p\u0159ejete. Je nutn\u00e9 nav\u0161t\u00edvit toto za\u0159\u00edzen\u00ed v\u00edckr\u00e1t. Po prvn\u00ed n\u00e1v\u0161t\u011bv\u011b nejsp\u00ed\u0161e nebudete m\u00edt ihned barvu o 2 odst\u00edny tmav\u0161\u00ed. D\u00edky n\u00e1v\u0161t\u011bv\u011b sol\u00e1ria se m\u016f\u017eete zdrav\u011b, kr\u00e1sn\u011b a \u0161etrn\u011b op\u00e1lit.  Za ka\u017edou n\u00e1v\u0161t\u011bvu plat\u00edte podle toho, kolik minut str\u00e1v\u00edte ve stroji. Stroj\u016f zde maj\u00ed n\u011bkolik a m\u016f\u017eete si tedy vybrat z r\u016fzn\u00fdch za\u0159\u00edzen\u00ed.  K t\u00e9to form\u011b op\u00e1len\u00ed mus\u00edte po\u010d\u00edtat s t\u00edm, \u017ee je pot\u0159eba pou\u017e\u00edvat i sol\u00e1rn\u00ed kosmetiku, kter\u00e1 dopom\u016f\u017ee k dokonal\u00e9mu a vysn\u011bn\u00e9mu v\u00fdsledku. S kosmetikou, kterou pou\u017e\u00edvat V\u00e1m porad\u00ed i zam\u011bstnanci, kte\u0159\u00ed kolem sol\u00e1ri\u00ed pracuj\u00ed.                                                                                                                                                                                                                                                                                                                                                                                                   "},{"@context":"https:\/\/schema.org\/","@type":"BreadcrumbList","itemListElement":[{"@type":"ListItem","position":1,"name":"Nav\u0161tivte sol\u00e1rium m\u00edsto dovolen\u00e9","item":"https:\/\/www.vatera.cz\/navstivte-solarium-misto-dovolene\/#breadcrumbitem"}]}]