[{"@context":"https:\/\/schema.org\/","@type":"Blog","@id":"https:\/\/www.vatera.cz#Blog","headline":"Vatera","description":"\nP\u0159\u00e1telstv\u00ed se d\u00e1 ve sv\u011bt\u011b naj\u00edt na nejr\u016fzn\u011bj\u0161\u00edch m\u00edstech, ale p\u0159esto je vz\u00e1cn\u00e9. A dost mo\u017en\u00e1 si ani nedovedete p\u0159edstavit, kolik t\u00e9to vz\u00e1cnosti nab\u00edz\u00ed n\u00e1\u0161 web.","url":"https:\/\/www.vatera.cz","hasPart":[{"@type":"Article","@id":"https:\/\/www.vatera.cz\/navsteva-prahy-ktera-se-neprodrazi\/","headline":"N\u00e1v\u0161t\u011bva Prahy, kter\u00e1 se neprodra\u017e\u00ed","url":"https:\/\/www.vatera.cz\/navsteva-prahy-ktera-se-neprodrazi\/","datePublished":"2020-04-06","dateModified":"2023-05-03","mainEntityOfPage":"https:\/\/www.vatera.cz\/navsteva-prahy-ktera-se-neprodrazi\/","author":{"@type":"Person","@id":"https:\/\/www.vatera.cz\/author\/devene\/#Person","name":"devene","url":"https:\/\/www.vatera.cz\/author\/devene\/","identifier":1,"image":{"@type":"ImageObject","@id":"https:\/\/secure.gravatar.com\/avatar\/093836c6bc976bea6a4c3cd39f9136c261430c33201aa865249fef2be34e3fdb?s=96&d=mm&r=g","url":"https:\/\/secure.gravatar.com\/avatar\/093836c6bc976bea6a4c3cd39f9136c261430c33201aa865249fef2be34e3fdb?s=96&d=mm&r=g","height":96,"width":96}},"publisher":{"@type":"Organization","name":"vatera.cz","logo":{"@type":"ImageObject","@id":"\/logo.png","url":"\/logo.png","width":600,"height":60}},"image":{"@type":"ImageObject","@id":"https:\/\/www.vatera.cz\/wp-content\/uploads\/prague-2395108_640.jpg","url":"https:\/\/www.vatera.cz\/wp-content\/uploads\/prague-2395108_640.jpg","height":0,"width":0},"wordCount":583,"keywords":null},{"@type":"Article","@id":"https:\/\/www.vatera.cz\/nejzabavnejsi-fotokoutek-v-cele-ceske-republice\/","headline":"Nejz\u00e1bavn\u011bj\u0161\u00ed fotokoutek v cel\u00e9 \u010cesk\u00e9 republice","url":"https:\/\/www.vatera.cz\/nejzabavnejsi-fotokoutek-v-cele-ceske-republice\/","datePublished":"2020-03-24","dateModified":"2023-05-03","mainEntityOfPage":"https:\/\/www.vatera.cz\/nejzabavnejsi-fotokoutek-v-cele-ceske-republice\/","author":{"@type":"Person","@id":"https:\/\/www.vatera.cz\/author\/devene\/#Person","name":"devene","url":"https:\/\/www.vatera.cz\/author\/devene\/","identifier":1,"image":{"@type":"ImageObject","@id":"https:\/\/secure.gravatar.com\/avatar\/093836c6bc976bea6a4c3cd39f9136c261430c33201aa865249fef2be34e3fdb?s=96&d=mm&r=g","url":"https:\/\/secure.gravatar.com\/avatar\/093836c6bc976bea6a4c3cd39f9136c261430c33201aa865249fef2be34e3fdb?s=96&d=mm&r=g","height":96,"width":96}},"publisher":{"@type":"Organization","name":"vatera.cz","logo":{"@type":"ImageObject","@id":"\/logo.png","url":"\/logo.png","width":600,"height":60}},"image":{"@type":"ImageObject","@id":"https:\/\/www.vatera.cz\/wp-content\/uploads\/img_a376481_w4174_t1587967914.jpg","url":"https:\/\/www.vatera.cz\/wp-content\/uploads\/img_a376481_w4174_t1587967914.jpg","height":0,"width":0},"wordCount":574,"keywords":null},{"@type":"Article","@id":"https:\/\/www.vatera.cz\/americka-nebankovni-hypoteka\/","headline":"Americk\u00e1 nebankovn\u00ed hypot\u00e9ka","url":"https:\/\/www.vatera.cz\/americka-nebankovni-hypoteka\/","datePublished":"2020-02-27","dateModified":"2023-05-03","mainEntityOfPage":"https:\/\/www.vatera.cz\/americka-nebankovni-hypoteka\/","author":{"@type":"Person","@id":"https:\/\/www.vatera.cz\/author\/devene\/#Person","name":"devene","url":"https:\/\/www.vatera.cz\/author\/devene\/","identifier":1,"image":{"@type":"ImageObject","@id":"https:\/\/secure.gravatar.com\/avatar\/093836c6bc976bea6a4c3cd39f9136c261430c33201aa865249fef2be34e3fdb?s=96&d=mm&r=g","url":"https:\/\/secure.gravatar.com\/avatar\/093836c6bc976bea6a4c3cd39f9136c261430c33201aa865249fef2be34e3fdb?s=96&d=mm&r=g","height":96,"width":96}},"publisher":{"@type":"Organization","name":"vatera.cz","logo":{"@type":"ImageObject","@id":"\/logo.png","url":"\/logo.png","width":600,"height":60}},"image":{"@type":"ImageObject","@id":"https:\/\/www.vatera.cz\/wp-content\/uploads\/img_a379642_w4174_t1591178175.jpg","url":"https:\/\/www.vatera.cz\/wp-content\/uploads\/img_a379642_w4174_t1591178175.jpg","height":0,"width":0},"wordCount":581,"keywords":null},{"@type":"Article","@id":"https:\/\/www.vatera.cz\/aby-zada-nebolela\/","headline":"Aby z\u00e1da nebolela","url":"https:\/\/www.vatera.cz\/aby-zada-nebolela\/","datePublished":"2020-02-27","dateModified":"2023-09-13","mainEntityOfPage":"https:\/\/www.vatera.cz\/aby-zada-nebolela\/","author":{"@type":"Person","@id":"https:\/\/www.vatera.cz\/author\/devene\/#Person","name":"devene","url":"https:\/\/www.vatera.cz\/author\/devene\/","identifier":1,"image":{"@type":"ImageObject","@id":"https:\/\/secure.gravatar.com\/avatar\/093836c6bc976bea6a4c3cd39f9136c261430c33201aa865249fef2be34e3fdb?s=96&d=mm&r=g","url":"https:\/\/secure.gravatar.com\/avatar\/093836c6bc976bea6a4c3cd39f9136c261430c33201aa865249fef2be34e3fdb?s=96&d=mm&r=g","height":96,"width":96}},"publisher":{"@type":"Organization","name":"vatera.cz","logo":{"@type":"ImageObject","@id":"\/logo.png","url":"\/logo.png","width":600,"height":60}},"image":{"@type":"ImageObject","@id":"https:\/\/www.vatera.cz\/wp-content\/uploads\/img_a376245_w4174_t1587629546.jpg","url":"https:\/\/www.vatera.cz\/wp-content\/uploads\/img_a376245_w4174_t1587629546.jpg","height":0,"width":0},"wordCount":495,"keywords":null},{"@type":"Article","@id":"https:\/\/www.vatera.cz\/nabidky-uveru\/","headline":"Nab\u00eddky \u00fav\u011br\u016f","url":"https:\/\/www.vatera.cz\/nabidky-uveru\/","datePublished":"2020-02-23","dateModified":"2023-05-03","mainEntityOfPage":"https:\/\/www.vatera.cz\/nabidky-uveru\/","author":{"@type":"Person","@id":"https:\/\/www.vatera.cz\/author\/devene\/#Person","name":"devene","url":"https:\/\/www.vatera.cz\/author\/devene\/","identifier":1,"image":{"@type":"ImageObject","@id":"https:\/\/secure.gravatar.com\/avatar\/093836c6bc976bea6a4c3cd39f9136c261430c33201aa865249fef2be34e3fdb?s=96&d=mm&r=g","url":"https:\/\/secure.gravatar.com\/avatar\/093836c6bc976bea6a4c3cd39f9136c261430c33201aa865249fef2be34e3fdb?s=96&d=mm&r=g","height":96,"width":96}},"publisher":{"@type":"Organization","name":"vatera.cz","logo":{"@type":"ImageObject","@id":"\/logo.png","url":"\/logo.png","width":600,"height":60}},"image":{"@type":"ImageObject","@id":"https:\/\/www.vatera.cz\/wp-content\/uploads\/img_a371589_w4174_t1582950378.jpg","url":"https:\/\/www.vatera.cz\/wp-content\/uploads\/img_a371589_w4174_t1582950378.jpg","height":0,"width":0},"wordCount":4567,"keywords":null},{"@type":"Article","@id":"https:\/\/www.vatera.cz\/ples-je-lakavou-zabavou-jen-prekonat-prvotni-zabrany\/","headline":"Ples je l\u00e1kavou z\u00e1bavou, jen p\u0159ekonat prvotn\u00ed z\u00e1brany","url":"https:\/\/www.vatera.cz\/ples-je-lakavou-zabavou-jen-prekonat-prvotni-zabrany\/","datePublished":"2020-01-26","dateModified":"2023-05-03","mainEntityOfPage":"https:\/\/www.vatera.cz\/ples-je-lakavou-zabavou-jen-prekonat-prvotni-zabrany\/","author":{"@type":"Person","@id":"https:\/\/www.vatera.cz\/author\/devene\/#Person","name":"devene","url":"https:\/\/www.vatera.cz\/author\/devene\/","identifier":1,"image":{"@type":"ImageObject","@id":"https:\/\/secure.gravatar.com\/avatar\/093836c6bc976bea6a4c3cd39f9136c261430c33201aa865249fef2be34e3fdb?s=96&d=mm&r=g","url":"https:\/\/secure.gravatar.com\/avatar\/093836c6bc976bea6a4c3cd39f9136c261430c33201aa865249fef2be34e3fdb?s=96&d=mm&r=g","height":96,"width":96}},"publisher":{"@type":"Organization","name":"vatera.cz","logo":{"@type":"ImageObject","@id":"\/logo.png","url":"\/logo.png","width":600,"height":60}},"image":{"@type":"ImageObject","@id":"https:\/\/www.vatera.cz\/wp-content\/uploads\/img_a367286_w4174_t1579768709.jpg","url":"https:\/\/www.vatera.cz\/wp-content\/uploads\/img_a367286_w4174_t1579768709.jpg","height":0,"width":0},"wordCount":610,"keywords":null},{"@type":"Article","@id":"https:\/\/www.vatera.cz\/hvezdarna-a-planetarium-v-hradci-kralove\/","headline":"Hv\u011bzd\u00e1rna a planet\u00e1rium v Hradci Kr\u00e1lov\u00e9","url":"https:\/\/www.vatera.cz\/hvezdarna-a-planetarium-v-hradci-kralove\/","datePublished":"2020-01-23","dateModified":"2023-05-03","mainEntityOfPage":"https:\/\/www.vatera.cz\/hvezdarna-a-planetarium-v-hradci-kralove\/","author":{"@type":"Person","@id":"https:\/\/www.vatera.cz\/author\/devene\/#Person","name":"devene","url":"https:\/\/www.vatera.cz\/author\/devene\/","identifier":1,"image":{"@type":"ImageObject","@id":"https:\/\/secure.gravatar.com\/avatar\/093836c6bc976bea6a4c3cd39f9136c261430c33201aa865249fef2be34e3fdb?s=96&d=mm&r=g","url":"https:\/\/secure.gravatar.com\/avatar\/093836c6bc976bea6a4c3cd39f9136c261430c33201aa865249fef2be34e3fdb?s=96&d=mm&r=g","height":96,"width":96}},"publisher":{"@type":"Organization","name":"vatera.cz","logo":{"@type":"ImageObject","@id":"\/logo.png","url":"\/logo.png","width":600,"height":60}},"image":{"@type":"ImageObject","@id":"https:\/\/www.vatera.cz\/wp-content\/uploads\/img_a367729_w4174_t1580229707.jpg","url":"https:\/\/www.vatera.cz\/wp-content\/uploads\/img_a367729_w4174_t1580229707.jpg","height":0,"width":0},"wordCount":498,"keywords":null},{"@type":"Article","@id":"https:\/\/www.vatera.cz\/humanoidni-roboti\/","headline":"Humanoidn\u00ed roboti","url":"https:\/\/www.vatera.cz\/humanoidni-roboti\/","datePublished":"2020-01-20","dateModified":"2023-05-03","mainEntityOfPage":"https:\/\/www.vatera.cz\/humanoidni-roboti\/","author":{"@type":"Person","@id":"https:\/\/www.vatera.cz\/author\/devene\/#Person","name":"devene","url":"https:\/\/www.vatera.cz\/author\/devene\/","identifier":1,"image":{"@type":"ImageObject","@id":"https:\/\/secure.gravatar.com\/avatar\/093836c6bc976bea6a4c3cd39f9136c261430c33201aa865249fef2be34e3fdb?s=96&d=mm&r=g","url":"https:\/\/secure.gravatar.com\/avatar\/093836c6bc976bea6a4c3cd39f9136c261430c33201aa865249fef2be34e3fdb?s=96&d=mm&r=g","height":96,"width":96}},"publisher":{"@type":"Organization","name":"vatera.cz","logo":{"@type":"ImageObject","@id":"\/logo.png","url":"\/logo.png","width":600,"height":60}},"image":{"@type":"ImageObject","@id":"https:\/\/www.vatera.cz\/wp-content\/uploads\/img_a368186_w4174_t1580467983.jpg","url":"https:\/\/www.vatera.cz\/wp-content\/uploads\/img_a368186_w4174_t1580467983.jpg","height":0,"width":0},"wordCount":493,"keywords":null},{"@type":"Article","@id":"https:\/\/www.vatera.cz\/tajemna-kelpa\/","headline":"Tajemn\u00e1 kelpa","url":"https:\/\/www.vatera.cz\/tajemna-kelpa\/","datePublished":"2020-01-15","dateModified":"2023-05-03","mainEntityOfPage":"https:\/\/www.vatera.cz\/tajemna-kelpa\/","author":{"@type":"Person","@id":"https:\/\/www.vatera.cz\/author\/devene\/#Person","name":"devene","url":"https:\/\/www.vatera.cz\/author\/devene\/","identifier":1,"image":{"@type":"ImageObject","@id":"https:\/\/secure.gravatar.com\/avatar\/093836c6bc976bea6a4c3cd39f9136c261430c33201aa865249fef2be34e3fdb?s=96&d=mm&r=g","url":"https:\/\/secure.gravatar.com\/avatar\/093836c6bc976bea6a4c3cd39f9136c261430c33201aa865249fef2be34e3fdb?s=96&d=mm&r=g","height":96,"width":96}},"publisher":{"@type":"Organization","name":"vatera.cz","logo":{"@type":"ImageObject","@id":"\/logo.png","url":"\/logo.png","width":600,"height":60}},"image":{"@type":"ImageObject","@id":"https:\/\/www.vatera.cz\/wp-content\/uploads\/img_a379483_w4174_t1591080938.jpg","url":"https:\/\/www.vatera.cz\/wp-content\/uploads\/img_a379483_w4174_t1591080938.jpg","height":0,"width":0},"wordCount":573,"keywords":null},{"@type":"Article","@id":"https:\/\/www.vatera.cz\/rozdily-mezi-muzi-a-zenami-v-nakupovani-jsou-velke\/","headline":"Rozd\u00edly mezi mu\u017ei a \u017eenami v nakupov\u00e1n\u00ed jsou velk\u00e9","url":"https:\/\/www.vatera.cz\/rozdily-mezi-muzi-a-zenami-v-nakupovani-jsou-velke\/","datePublished":"2020-01-14","dateModified":"2023-05-03","mainEntityOfPage":"https:\/\/www.vatera.cz\/rozdily-mezi-muzi-a-zenami-v-nakupovani-jsou-velke\/","author":{"@type":"Person","@id":"https:\/\/www.vatera.cz\/author\/devene\/#Person","name":"devene","url":"https:\/\/www.vatera.cz\/author\/devene\/","identifier":1,"image":{"@type":"ImageObject","@id":"https:\/\/secure.gravatar.com\/avatar\/093836c6bc976bea6a4c3cd39f9136c261430c33201aa865249fef2be34e3fdb?s=96&d=mm&r=g","url":"https:\/\/secure.gravatar.com\/avatar\/093836c6bc976bea6a4c3cd39f9136c261430c33201aa865249fef2be34e3fdb?s=96&d=mm&r=g","height":96,"width":96}},"publisher":{"@type":"Organization","name":"vatera.cz","logo":{"@type":"ImageObject","@id":"\/logo.png","url":"\/logo.png","width":600,"height":60}},"image":{"@type":"ImageObject","@id":"https:\/\/www.vatera.cz\/wp-content\/uploads\/img_a367886_w4174_t1580313083.jpg","url":"https:\/\/www.vatera.cz\/wp-content\/uploads\/img_a367886_w4174_t1580313083.jpg","height":0,"width":0},"wordCount":517,"keywords":null}]},{"@context":"https:\/\/schema.org","@type":"WebSite","@id":"https:\/\/www.vatera.cz\/#website","name":"Vatera","url":"https:\/\/www.vatera.cz","potentialAction":{"@type":"SearchAction","target":"https:\/\/www.vatera.cz\/?s={search_term_string}","query-input":"required name=search_term_string"}}]