[{"@context":"https:\/\/schema.org\/","@type":"Blog","@id":"https:\/\/www.vatera.cz#Blog","headline":"Vatera","description":"\nP\u0159\u00e1telstv\u00ed se d\u00e1 ve sv\u011bt\u011b naj\u00edt na nejr\u016fzn\u011bj\u0161\u00edch m\u00edstech, ale p\u0159esto je vz\u00e1cn\u00e9. A dost mo\u017en\u00e1 si ani nedovedete p\u0159edstavit, kolik t\u00e9to vz\u00e1cnosti nab\u00edz\u00ed n\u00e1\u0161 web.","url":"https:\/\/www.vatera.cz","hasPart":[{"@type":"Article","@id":"https:\/\/www.vatera.cz\/whatsapp-prestal-podporovat-nekolik-typu-mobilnich-telefonu\/","headline":"WhatsApp p\u0159estal podporovat n\u011bkolik typ\u016f mobiln\u00edch telefon\u016f","url":"https:\/\/www.vatera.cz\/whatsapp-prestal-podporovat-nekolik-typu-mobilnich-telefonu\/","datePublished":"2020-01-09","dateModified":"2023-05-03","mainEntityOfPage":"https:\/\/www.vatera.cz\/whatsapp-prestal-podporovat-nekolik-typu-mobilnich-telefonu\/","author":{"@type":"Person","@id":"https:\/\/www.vatera.cz\/author\/devene\/#Person","name":"devene","url":"https:\/\/www.vatera.cz\/author\/devene\/","identifier":1,"image":{"@type":"ImageObject","@id":"https:\/\/secure.gravatar.com\/avatar\/093836c6bc976bea6a4c3cd39f9136c261430c33201aa865249fef2be34e3fdb?s=96&d=mm&r=g","url":"https:\/\/secure.gravatar.com\/avatar\/093836c6bc976bea6a4c3cd39f9136c261430c33201aa865249fef2be34e3fdb?s=96&d=mm&r=g","height":96,"width":96}},"publisher":{"@type":"Organization","name":"vatera.cz","logo":{"@type":"ImageObject","@id":"\/logo.png","url":"\/logo.png","width":600,"height":60}},"image":{"@type":"ImageObject","@id":"https:\/\/www.vatera.cz\/wp-content\/uploads\/img_a366874_w4315_t1579418989.jpg","url":"https:\/\/www.vatera.cz\/wp-content\/uploads\/img_a366874_w4315_t1579418989.jpg","height":0,"width":0},"wordCount":4425,"keywords":null},{"@type":"Article","@id":"https:\/\/www.vatera.cz\/mereni-uniku-tepla\/","headline":"M\u011b\u0159en\u00ed \u00faniku tepla","url":"https:\/\/www.vatera.cz\/mereni-uniku-tepla\/","datePublished":"2019-12-20","dateModified":"2023-05-03","mainEntityOfPage":"https:\/\/www.vatera.cz\/mereni-uniku-tepla\/","author":{"@type":"Person","@id":"https:\/\/www.vatera.cz\/author\/devene\/#Person","name":"devene","url":"https:\/\/www.vatera.cz\/author\/devene\/","identifier":1,"image":{"@type":"ImageObject","@id":"https:\/\/secure.gravatar.com\/avatar\/093836c6bc976bea6a4c3cd39f9136c261430c33201aa865249fef2be34e3fdb?s=96&d=mm&r=g","url":"https:\/\/secure.gravatar.com\/avatar\/093836c6bc976bea6a4c3cd39f9136c261430c33201aa865249fef2be34e3fdb?s=96&d=mm&r=g","height":96,"width":96}},"publisher":{"@type":"Organization","name":"vatera.cz","logo":{"@type":"ImageObject","@id":"\/logo.png","url":"\/logo.png","width":600,"height":60}},"image":{"@type":"ImageObject","@id":"https:\/\/www.vatera.cz\/wp-content\/uploads\/img_a370292_w1723_t1582030921.jpg","url":"https:\/\/www.vatera.cz\/wp-content\/uploads\/img_a370292_w1723_t1582030921.jpg","height":0,"width":0},"wordCount":551,"keywords":null},{"@type":"Article","@id":"https:\/\/www.vatera.cz\/kolaborace-bts-a-modnich-znacek-fila-a-puma\/","headline":"Kolaborace BTS a m\u00f3dn\u00edch zna\u010dek Fila a Puma","url":"https:\/\/www.vatera.cz\/kolaborace-bts-a-modnich-znacek-fila-a-puma\/","datePublished":"2019-12-17","dateModified":"2023-05-03","mainEntityOfPage":"https:\/\/www.vatera.cz\/kolaborace-bts-a-modnich-znacek-fila-a-puma\/","author":{"@type":"Person","@id":"https:\/\/www.vatera.cz\/author\/devene\/#Person","name":"devene","url":"https:\/\/www.vatera.cz\/author\/devene\/","identifier":1,"image":{"@type":"ImageObject","@id":"https:\/\/secure.gravatar.com\/avatar\/093836c6bc976bea6a4c3cd39f9136c261430c33201aa865249fef2be34e3fdb?s=96&d=mm&r=g","url":"https:\/\/secure.gravatar.com\/avatar\/093836c6bc976bea6a4c3cd39f9136c261430c33201aa865249fef2be34e3fdb?s=96&d=mm&r=g","height":96,"width":96}},"publisher":{"@type":"Organization","name":"vatera.cz","logo":{"@type":"ImageObject","@id":"\/logo.png","url":"\/logo.png","width":600,"height":60}},"image":{"@type":"ImageObject","@id":"https:\/\/www.vatera.cz\/wp-content\/uploads\/img_a365512_w4174_t1578326904.jpg","url":"https:\/\/www.vatera.cz\/wp-content\/uploads\/img_a365512_w4174_t1578326904.jpg","height":0,"width":0},"wordCount":472,"keywords":null},{"@type":"Article","@id":"https:\/\/www.vatera.cz\/nemovitost-jako-zaruka-je-chytrym-resenim-ruceni-za-pujcku\/","headline":"Nemovitost jako z\u00e1ruka je chytr\u00fdm \u0159e\u0161en\u00edm ru\u010den\u00ed za p\u016fj\u010dku","url":"https:\/\/www.vatera.cz\/nemovitost-jako-zaruka-je-chytrym-resenim-ruceni-za-pujcku\/","datePublished":"2019-12-15","dateModified":"2023-05-03","mainEntityOfPage":"https:\/\/www.vatera.cz\/nemovitost-jako-zaruka-je-chytrym-resenim-ruceni-za-pujcku\/","author":{"@type":"Person","@id":"https:\/\/www.vatera.cz\/author\/devene\/#Person","name":"devene","url":"https:\/\/www.vatera.cz\/author\/devene\/","identifier":1,"image":{"@type":"ImageObject","@id":"https:\/\/secure.gravatar.com\/avatar\/093836c6bc976bea6a4c3cd39f9136c261430c33201aa865249fef2be34e3fdb?s=96&d=mm&r=g","url":"https:\/\/secure.gravatar.com\/avatar\/093836c6bc976bea6a4c3cd39f9136c261430c33201aa865249fef2be34e3fdb?s=96&d=mm&r=g","height":96,"width":96}},"publisher":{"@type":"Organization","name":"vatera.cz","logo":{"@type":"ImageObject","@id":"\/logo.png","url":"\/logo.png","width":600,"height":60}},"image":{"@type":"ImageObject","@id":"https:\/\/www.vatera.cz\/wp-content\/uploads\/img_a378179_w4174_t1589369477.jpg","url":"https:\/\/www.vatera.cz\/wp-content\/uploads\/img_a378179_w4174_t1589369477.jpg","height":0,"width":0},"wordCount":603,"keywords":null},{"@type":"Article","@id":"https:\/\/www.vatera.cz\/nova-vymalba-snadno-a-rychle\/","headline":"Nov\u00e1 v\u00fdmalba snadno a rychle","url":"https:\/\/www.vatera.cz\/nova-vymalba-snadno-a-rychle\/","datePublished":"2019-12-14","dateModified":"2023-05-03","mainEntityOfPage":"https:\/\/www.vatera.cz\/nova-vymalba-snadno-a-rychle\/","author":{"@type":"Person","@id":"https:\/\/www.vatera.cz\/author\/devene\/#Person","name":"devene","url":"https:\/\/www.vatera.cz\/author\/devene\/","identifier":1,"image":{"@type":"ImageObject","@id":"https:\/\/secure.gravatar.com\/avatar\/093836c6bc976bea6a4c3cd39f9136c261430c33201aa865249fef2be34e3fdb?s=96&d=mm&r=g","url":"https:\/\/secure.gravatar.com\/avatar\/093836c6bc976bea6a4c3cd39f9136c261430c33201aa865249fef2be34e3fdb?s=96&d=mm&r=g","height":96,"width":96}},"publisher":{"@type":"Organization","name":"vatera.cz","logo":{"@type":"ImageObject","@id":"\/logo.png","url":"\/logo.png","width":600,"height":60}},"image":{"@type":"ImageObject","@id":"https:\/\/www.vatera.cz\/wp-content\/uploads\/img_a364498_w4174_t1577278731.jpg","url":"https:\/\/www.vatera.cz\/wp-content\/uploads\/img_a364498_w4174_t1577278731.jpg","height":0,"width":0},"wordCount":503,"keywords":null},{"@type":"Article","@id":"https:\/\/www.vatera.cz\/jakym-oblecenim-se-vybavit-na-studene-dny\/","headline":"Jak\u00fdm oble\u010den\u00edm se vybavit na studen\u00e9 dny?","url":"https:\/\/www.vatera.cz\/jakym-oblecenim-se-vybavit-na-studene-dny\/","datePublished":"2019-12-08","dateModified":"2023-05-03","mainEntityOfPage":"https:\/\/www.vatera.cz\/jakym-oblecenim-se-vybavit-na-studene-dny\/","author":{"@type":"Person","@id":"https:\/\/www.vatera.cz\/author\/devene\/#Person","name":"devene","url":"https:\/\/www.vatera.cz\/author\/devene\/","identifier":1,"image":{"@type":"ImageObject","@id":"https:\/\/secure.gravatar.com\/avatar\/093836c6bc976bea6a4c3cd39f9136c261430c33201aa865249fef2be34e3fdb?s=96&d=mm&r=g","url":"https:\/\/secure.gravatar.com\/avatar\/093836c6bc976bea6a4c3cd39f9136c261430c33201aa865249fef2be34e3fdb?s=96&d=mm&r=g","height":96,"width":96}},"publisher":{"@type":"Organization","name":"vatera.cz","logo":{"@type":"ImageObject","@id":"\/logo.png","url":"\/logo.png","width":600,"height":60}},"image":{"@type":"ImageObject","@id":"https:\/\/www.vatera.cz\/wp-content\/uploads\/img_a364524_w4174_t1577282488.jpg","url":"https:\/\/www.vatera.cz\/wp-content\/uploads\/img_a364524_w4174_t1577282488.jpg","height":0,"width":0},"wordCount":4488,"keywords":null},{"@type":"Article","@id":"https:\/\/www.vatera.cz\/rohlik-miri-do-madarska\/","headline":"Rohl\u00edk m\u00ed\u0159\u00ed do Ma\u010farska","url":"https:\/\/www.vatera.cz\/rohlik-miri-do-madarska\/","datePublished":"2019-12-01","dateModified":"2023-05-03","mainEntityOfPage":"https:\/\/www.vatera.cz\/rohlik-miri-do-madarska\/","author":{"@type":"Person","@id":"https:\/\/www.vatera.cz\/author\/devene\/#Person","name":"devene","url":"https:\/\/www.vatera.cz\/author\/devene\/","identifier":1,"image":{"@type":"ImageObject","@id":"https:\/\/secure.gravatar.com\/avatar\/093836c6bc976bea6a4c3cd39f9136c261430c33201aa865249fef2be34e3fdb?s=96&d=mm&r=g","url":"https:\/\/secure.gravatar.com\/avatar\/093836c6bc976bea6a4c3cd39f9136c261430c33201aa865249fef2be34e3fdb?s=96&d=mm&r=g","height":96,"width":96}},"publisher":{"@type":"Organization","name":"vatera.cz","logo":{"@type":"ImageObject","@id":"\/logo.png","url":"\/logo.png","width":600,"height":60}},"image":{"@type":"ImageObject","@id":"https:\/\/www.vatera.cz\/wp-content\/uploads\/img_a364398_w4174_t1577117104.jpg","url":"https:\/\/www.vatera.cz\/wp-content\/uploads\/img_a364398_w4174_t1577117104.jpg","height":0,"width":0},"wordCount":498,"keywords":null},{"@type":"Article","@id":"https:\/\/www.vatera.cz\/kdo-cloveku-pujci\/","headline":"Kdo \u010dlov\u011bku p\u016fj\u010d\u00ed?","url":"https:\/\/www.vatera.cz\/kdo-cloveku-pujci\/","datePublished":"2019-10-24","dateModified":"2023-05-03","mainEntityOfPage":"https:\/\/www.vatera.cz\/kdo-cloveku-pujci\/","author":{"@type":"Person","@id":"https:\/\/www.vatera.cz\/author\/devene\/#Person","name":"devene","url":"https:\/\/www.vatera.cz\/author\/devene\/","identifier":1,"image":{"@type":"ImageObject","@id":"https:\/\/secure.gravatar.com\/avatar\/093836c6bc976bea6a4c3cd39f9136c261430c33201aa865249fef2be34e3fdb?s=96&d=mm&r=g","url":"https:\/\/secure.gravatar.com\/avatar\/093836c6bc976bea6a4c3cd39f9136c261430c33201aa865249fef2be34e3fdb?s=96&d=mm&r=g","height":96,"width":96}},"publisher":{"@type":"Organization","name":"vatera.cz","logo":{"@type":"ImageObject","@id":"\/logo.png","url":"\/logo.png","width":600,"height":60}},"image":{"@type":"ImageObject","@id":"https:\/\/www.vatera.cz\/wp-content\/uploads\/img_a367067_w2589_t1579449088.jpg","url":"https:\/\/www.vatera.cz\/wp-content\/uploads\/img_a367067_w2589_t1579449088.jpg","height":0,"width":0},"wordCount":601,"keywords":null},{"@type":"Article","@id":"https:\/\/www.vatera.cz\/bromova-chemie-neni-o-nic-horsi\/","headline":"Bromov\u00e1 chemie nen\u00ed o nic hor\u0161\u00ed","url":"https:\/\/www.vatera.cz\/bromova-chemie-neni-o-nic-horsi\/","datePublished":"2019-10-07","dateModified":"2023-05-03","mainEntityOfPage":"https:\/\/www.vatera.cz\/bromova-chemie-neni-o-nic-horsi\/","author":{"@type":"Person","@id":"https:\/\/www.vatera.cz\/author\/devene\/#Person","name":"devene","url":"https:\/\/www.vatera.cz\/author\/devene\/","identifier":1,"image":{"@type":"ImageObject","@id":"https:\/\/secure.gravatar.com\/avatar\/093836c6bc976bea6a4c3cd39f9136c261430c33201aa865249fef2be34e3fdb?s=96&d=mm&r=g","url":"https:\/\/secure.gravatar.com\/avatar\/093836c6bc976bea6a4c3cd39f9136c261430c33201aa865249fef2be34e3fdb?s=96&d=mm&r=g","height":96,"width":96}},"publisher":{"@type":"Organization","name":"vatera.cz","logo":{"@type":"ImageObject","@id":"\/logo.png","url":"\/logo.png","width":600,"height":60}},"image":{"@type":"ImageObject","@id":"https:\/\/www.vatera.cz\/wp-content\/uploads\/img_a368828_w2384_t1581050740.jpg","url":"https:\/\/www.vatera.cz\/wp-content\/uploads\/img_a368828_w2384_t1581050740.jpg","height":0,"width":0},"wordCount":575,"keywords":null},{"@type":"Article","@id":"https:\/\/www.vatera.cz\/svetoznama-pomucka\/","headline":"Sv\u011btozn\u00e1m\u00e1 pom\u016fcka","url":"https:\/\/www.vatera.cz\/svetoznama-pomucka\/","datePublished":"2019-09-26","dateModified":"2023-05-03","mainEntityOfPage":"https:\/\/www.vatera.cz\/svetoznama-pomucka\/","author":{"@type":"Person","@id":"https:\/\/www.vatera.cz\/author\/devene\/#Person","name":"devene","url":"https:\/\/www.vatera.cz\/author\/devene\/","identifier":1,"image":{"@type":"ImageObject","@id":"https:\/\/secure.gravatar.com\/avatar\/093836c6bc976bea6a4c3cd39f9136c261430c33201aa865249fef2be34e3fdb?s=96&d=mm&r=g","url":"https:\/\/secure.gravatar.com\/avatar\/093836c6bc976bea6a4c3cd39f9136c261430c33201aa865249fef2be34e3fdb?s=96&d=mm&r=g","height":96,"width":96}},"publisher":{"@type":"Organization","name":"vatera.cz","logo":{"@type":"ImageObject","@id":"\/logo.png","url":"\/logo.png","width":600,"height":60}},"image":{"@type":"ImageObject","@id":"https:\/\/www.vatera.cz\/wp-content\/uploads\/img_a362987_w1780_t1575878631.jpg","url":"https:\/\/www.vatera.cz\/wp-content\/uploads\/img_a362987_w1780_t1575878631.jpg","height":0,"width":0},"wordCount":540,"keywords":null}]},{"@context":"https:\/\/schema.org","@type":"WebSite","@id":"https:\/\/www.vatera.cz\/#website","name":"Vatera","url":"https:\/\/www.vatera.cz","potentialAction":{"@type":"SearchAction","target":"https:\/\/www.vatera.cz\/?s={search_term_string}","query-input":"required name=search_term_string"}}]