[{"@context":"https:\/\/schema.org\/","@type":"Blog","@id":"https:\/\/www.vatera.cz#Blog","headline":"Vatera","description":"\nP\u0159\u00e1telstv\u00ed se d\u00e1 ve sv\u011bt\u011b naj\u00edt na nejr\u016fzn\u011bj\u0161\u00edch m\u00edstech, ale p\u0159esto je vz\u00e1cn\u00e9. A dost mo\u017en\u00e1 si ani nedovedete p\u0159edstavit, kolik t\u00e9to vz\u00e1cnosti nab\u00edz\u00ed n\u00e1\u0161 web.","url":"https:\/\/www.vatera.cz","hasPart":[{"@type":"Article","@id":"https:\/\/www.vatera.cz\/budte-zajimavi-a-originalni\/","headline":"Bu\u010fte zaj\u00edmav\u00ed a origin\u00e1ln\u00ed","url":"https:\/\/www.vatera.cz\/budte-zajimavi-a-originalni\/","datePublished":"2025-07-02","dateModified":"2025-07-02","mainEntityOfPage":"https:\/\/www.vatera.cz\/budte-zajimavi-a-originalni\/","author":{"@type":"Person","@id":"https:\/\/www.vatera.cz\/author\/devene\/#Person","name":"devene","url":"https:\/\/www.vatera.cz\/author\/devene\/","identifier":1,"image":{"@type":"ImageObject","@id":"https:\/\/secure.gravatar.com\/avatar\/093836c6bc976bea6a4c3cd39f9136c261430c33201aa865249fef2be34e3fdb?s=96&d=mm&r=g","url":"https:\/\/secure.gravatar.com\/avatar\/093836c6bc976bea6a4c3cd39f9136c261430c33201aa865249fef2be34e3fdb?s=96&d=mm&r=g","height":96,"width":96}},"publisher":{"@type":"Organization","name":"vatera.cz","logo":{"@type":"ImageObject","@id":"\/logo.png","url":"\/logo.png","width":600,"height":60}},"image":null,"wordCount":219,"keywords":null},{"@type":"Article","@id":"https:\/\/www.vatera.cz\/komfort-pro-vasi-loznici\/","headline":"Komfort pro va\u0161i lo\u017enici","url":"https:\/\/www.vatera.cz\/komfort-pro-vasi-loznici\/","datePublished":"2025-06-25","dateModified":"2025-06-25","mainEntityOfPage":"https:\/\/www.vatera.cz\/komfort-pro-vasi-loznici\/","author":{"@type":"Person","@id":"https:\/\/www.vatera.cz\/author\/devene\/#Person","name":"devene","url":"https:\/\/www.vatera.cz\/author\/devene\/","identifier":1,"image":{"@type":"ImageObject","@id":"https:\/\/secure.gravatar.com\/avatar\/093836c6bc976bea6a4c3cd39f9136c261430c33201aa865249fef2be34e3fdb?s=96&d=mm&r=g","url":"https:\/\/secure.gravatar.com\/avatar\/093836c6bc976bea6a4c3cd39f9136c261430c33201aa865249fef2be34e3fdb?s=96&d=mm&r=g","height":96,"width":96}},"publisher":{"@type":"Organization","name":"vatera.cz","logo":{"@type":"ImageObject","@id":"\/logo.png","url":"\/logo.png","width":600,"height":60}},"image":null,"wordCount":221,"keywords":null},{"@type":"Article","@id":"https:\/\/www.vatera.cz\/idealni-pro-ratolesti\/","headline":"Ide\u00e1ln\u00ed pro ratolesti","url":"https:\/\/www.vatera.cz\/idealni-pro-ratolesti\/","datePublished":"2025-06-18","dateModified":"2025-06-18","mainEntityOfPage":"https:\/\/www.vatera.cz\/idealni-pro-ratolesti\/","author":{"@type":"Person","@id":"https:\/\/www.vatera.cz\/author\/devene\/#Person","name":"devene","url":"https:\/\/www.vatera.cz\/author\/devene\/","identifier":1,"image":{"@type":"ImageObject","@id":"https:\/\/secure.gravatar.com\/avatar\/093836c6bc976bea6a4c3cd39f9136c261430c33201aa865249fef2be34e3fdb?s=96&d=mm&r=g","url":"https:\/\/secure.gravatar.com\/avatar\/093836c6bc976bea6a4c3cd39f9136c261430c33201aa865249fef2be34e3fdb?s=96&d=mm&r=g","height":96,"width":96}},"publisher":{"@type":"Organization","name":"vatera.cz","logo":{"@type":"ImageObject","@id":"\/logo.png","url":"\/logo.png","width":600,"height":60}},"image":null,"wordCount":212,"keywords":null},{"@type":"Article","@id":"https:\/\/www.vatera.cz\/ctete-letak-usetrite\/","headline":"\u010ct\u011bte let\u00e1k, u\u0161et\u0159\u00edte","url":"https:\/\/www.vatera.cz\/ctete-letak-usetrite\/","datePublished":"2025-06-15","dateModified":"2025-06-15","mainEntityOfPage":"https:\/\/www.vatera.cz\/ctete-letak-usetrite\/","author":{"@type":"Person","@id":"https:\/\/www.vatera.cz\/author\/devene\/#Person","name":"devene","url":"https:\/\/www.vatera.cz\/author\/devene\/","identifier":1,"image":{"@type":"ImageObject","@id":"https:\/\/secure.gravatar.com\/avatar\/093836c6bc976bea6a4c3cd39f9136c261430c33201aa865249fef2be34e3fdb?s=96&d=mm&r=g","url":"https:\/\/secure.gravatar.com\/avatar\/093836c6bc976bea6a4c3cd39f9136c261430c33201aa865249fef2be34e3fdb?s=96&d=mm&r=g","height":96,"width":96}},"publisher":{"@type":"Organization","name":"vatera.cz","logo":{"@type":"ImageObject","@id":"\/logo.png","url":"\/logo.png","width":600,"height":60}},"image":null,"wordCount":207,"keywords":null},{"@type":"Article","@id":"https:\/\/www.vatera.cz\/jak-na-vec\/","headline":"Jak na v\u011bc","url":"https:\/\/www.vatera.cz\/jak-na-vec\/","datePublished":"2025-06-08","dateModified":"2025-06-08","mainEntityOfPage":"https:\/\/www.vatera.cz\/jak-na-vec\/","author":{"@type":"Person","@id":"https:\/\/www.vatera.cz\/author\/devene\/#Person","name":"devene","url":"https:\/\/www.vatera.cz\/author\/devene\/","identifier":1,"image":{"@type":"ImageObject","@id":"https:\/\/secure.gravatar.com\/avatar\/093836c6bc976bea6a4c3cd39f9136c261430c33201aa865249fef2be34e3fdb?s=96&d=mm&r=g","url":"https:\/\/secure.gravatar.com\/avatar\/093836c6bc976bea6a4c3cd39f9136c261430c33201aa865249fef2be34e3fdb?s=96&d=mm&r=g","height":96,"width":96}},"publisher":{"@type":"Organization","name":"vatera.cz","logo":{"@type":"ImageObject","@id":"\/logo.png","url":"\/logo.png","width":600,"height":60}},"image":null,"wordCount":214,"keywords":null},{"@type":"Article","@id":"https:\/\/www.vatera.cz\/se-skrini-na-miru-mate-sbalene-zavazadlo-raz-dva\/","headline":"Se sk\u0159\u00edn\u00ed na m\u00edru m\u00e1te sbalen\u00e9 zavazadlo raz dva","url":"https:\/\/www.vatera.cz\/se-skrini-na-miru-mate-sbalene-zavazadlo-raz-dva\/","datePublished":"2025-06-07","dateModified":"2025-06-07","mainEntityOfPage":"https:\/\/www.vatera.cz\/se-skrini-na-miru-mate-sbalene-zavazadlo-raz-dva\/","author":{"@type":"Person","@id":"https:\/\/www.vatera.cz\/author\/devene\/#Person","name":"devene","url":"https:\/\/www.vatera.cz\/author\/devene\/","identifier":1,"image":{"@type":"ImageObject","@id":"https:\/\/secure.gravatar.com\/avatar\/093836c6bc976bea6a4c3cd39f9136c261430c33201aa865249fef2be34e3fdb?s=96&d=mm&r=g","url":"https:\/\/secure.gravatar.com\/avatar\/093836c6bc976bea6a4c3cd39f9136c261430c33201aa865249fef2be34e3fdb?s=96&d=mm&r=g","height":96,"width":96}},"publisher":{"@type":"Organization","name":"vatera.cz","logo":{"@type":"ImageObject","@id":"\/logo.png","url":"\/logo.png","width":600,"height":60}},"image":{"@type":"ImageObject","@id":"https:\/\/www.vatera.cz\/wp-content\/uploads\/wardrobe-8459898_640_7.jpg","url":"https:\/\/www.vatera.cz\/wp-content\/uploads\/wardrobe-8459898_640_7.jpg","height":0,"width":0},"wordCount":613,"keywords":null},{"@type":"Article","@id":"https:\/\/www.vatera.cz\/kdyz-vas-stehovani-vasi-firmy-zastihne-nepripravene\/","headline":"Kdy\u017e v\u00e1s st\u011bhov\u00e1n\u00ed va\u0161\u00ed firmy zastihne nep\u0159ipraven\u00e9","url":"https:\/\/www.vatera.cz\/kdyz-vas-stehovani-vasi-firmy-zastihne-nepripravene\/","datePublished":"2025-06-04","dateModified":"2025-06-04","mainEntityOfPage":"https:\/\/www.vatera.cz\/kdyz-vas-stehovani-vasi-firmy-zastihne-nepripravene\/","author":{"@type":"Person","@id":"https:\/\/www.vatera.cz\/author\/devene\/#Person","name":"devene","url":"https:\/\/www.vatera.cz\/author\/devene\/","identifier":1,"image":{"@type":"ImageObject","@id":"https:\/\/secure.gravatar.com\/avatar\/093836c6bc976bea6a4c3cd39f9136c261430c33201aa865249fef2be34e3fdb?s=96&d=mm&r=g","url":"https:\/\/secure.gravatar.com\/avatar\/093836c6bc976bea6a4c3cd39f9136c261430c33201aa865249fef2be34e3fdb?s=96&d=mm&r=g","height":96,"width":96}},"publisher":{"@type":"Organization","name":"vatera.cz","logo":{"@type":"ImageObject","@id":"\/logo.png","url":"\/logo.png","width":600,"height":60}},"image":{"@type":"ImageObject","@id":"https:\/\/www.vatera.cz\/wp-content\/uploads\/desk-593327_640_10_4.jpg","url":"https:\/\/www.vatera.cz\/wp-content\/uploads\/desk-593327_640_10_4.jpg","height":0,"width":0},"wordCount":596,"keywords":null},{"@type":"Article","@id":"https:\/\/www.vatera.cz\/nejlepsi-ceny\/","headline":"Nejlep\u0161\u00ed ceny","url":"https:\/\/www.vatera.cz\/nejlepsi-ceny\/","datePublished":"2025-06-01","dateModified":"2025-06-01","mainEntityOfPage":"https:\/\/www.vatera.cz\/nejlepsi-ceny\/","author":{"@type":"Person","@id":"https:\/\/www.vatera.cz\/author\/devene\/#Person","name":"devene","url":"https:\/\/www.vatera.cz\/author\/devene\/","identifier":1,"image":{"@type":"ImageObject","@id":"https:\/\/secure.gravatar.com\/avatar\/093836c6bc976bea6a4c3cd39f9136c261430c33201aa865249fef2be34e3fdb?s=96&d=mm&r=g","url":"https:\/\/secure.gravatar.com\/avatar\/093836c6bc976bea6a4c3cd39f9136c261430c33201aa865249fef2be34e3fdb?s=96&d=mm&r=g","height":96,"width":96}},"publisher":{"@type":"Organization","name":"vatera.cz","logo":{"@type":"ImageObject","@id":"\/logo.png","url":"\/logo.png","width":600,"height":60}},"image":null,"wordCount":218,"keywords":null},{"@type":"Article","@id":"https:\/\/www.vatera.cz\/uklid-s-lehkosti-sobe-vlastni\/","headline":"\u00daklid s lehkost\u00ed sob\u011b vlastn\u00ed","url":"https:\/\/www.vatera.cz\/uklid-s-lehkosti-sobe-vlastni\/","datePublished":"2025-05-23","dateModified":"2025-05-23","mainEntityOfPage":"https:\/\/www.vatera.cz\/uklid-s-lehkosti-sobe-vlastni\/","author":{"@type":"Person","@id":"https:\/\/www.vatera.cz\/author\/devene\/#Person","name":"devene","url":"https:\/\/www.vatera.cz\/author\/devene\/","identifier":1,"image":{"@type":"ImageObject","@id":"https:\/\/secure.gravatar.com\/avatar\/093836c6bc976bea6a4c3cd39f9136c261430c33201aa865249fef2be34e3fdb?s=96&d=mm&r=g","url":"https:\/\/secure.gravatar.com\/avatar\/093836c6bc976bea6a4c3cd39f9136c261430c33201aa865249fef2be34e3fdb?s=96&d=mm&r=g","height":96,"width":96}},"publisher":{"@type":"Organization","name":"vatera.cz","logo":{"@type":"ImageObject","@id":"\/logo.png","url":"\/logo.png","width":600,"height":60}},"image":null,"wordCount":250,"keywords":null},{"@type":"Article","@id":"https:\/\/www.vatera.cz\/dovolena-je-cas-odpocinku-a-nacerpani-novych-sil\/","headline":"Dovolen\u00e1 je \u010das odpo\u010dinku, a na\u010derp\u00e1n\u00ed nov\u00fdch sil","url":"https:\/\/www.vatera.cz\/dovolena-je-cas-odpocinku-a-nacerpani-novych-sil\/","datePublished":"2025-05-17","dateModified":"2025-05-17","mainEntityOfPage":"https:\/\/www.vatera.cz\/dovolena-je-cas-odpocinku-a-nacerpani-novych-sil\/","author":{"@type":"Person","@id":"https:\/\/www.vatera.cz\/author\/devene\/#Person","name":"devene","url":"https:\/\/www.vatera.cz\/author\/devene\/","identifier":1,"image":{"@type":"ImageObject","@id":"https:\/\/secure.gravatar.com\/avatar\/093836c6bc976bea6a4c3cd39f9136c261430c33201aa865249fef2be34e3fdb?s=96&d=mm&r=g","url":"https:\/\/secure.gravatar.com\/avatar\/093836c6bc976bea6a4c3cd39f9136c261430c33201aa865249fef2be34e3fdb?s=96&d=mm&r=g","height":96,"width":96}},"publisher":{"@type":"Organization","name":"vatera.cz","logo":{"@type":"ImageObject","@id":"\/logo.png","url":"\/logo.png","width":600,"height":60}},"image":null,"wordCount":211,"keywords":null}]},{"@context":"https:\/\/schema.org","@type":"WebSite","@id":"https:\/\/www.vatera.cz\/#website","name":"Vatera","url":"https:\/\/www.vatera.cz","potentialAction":{"@type":"SearchAction","target":"https:\/\/www.vatera.cz\/?s={search_term_string}","query-input":"required name=search_term_string"}}]