[{"@context":"https:\/\/schema.org\/","@type":"Article","@id":"https:\/\/www.vatera.cz\/protislunecni-folie\/#Article","mainEntityOfPage":"https:\/\/www.vatera.cz\/protislunecni-folie\/","headline":"Protislune\u010dn\u00ed f\u00f3lie","name":"Protislune\u010dn\u00ed f\u00f3lie","description":"\u00b7\u00a0\u00a0\u00a0\u00a0\u00a0\u00a0\u00a0\u00a0 Tyto f\u00f3lie chr\u00e1n\u00ed proti horku, \u00faniku tepla a jsou k\u00a0ochran\u011b zraku s\u00a0mo\u017enost\u00ed omezen\u00ed osln\u011bn\u00edm. V\u00a0l\u00e9t\u011b okenn\u00ed f\u00f3lie br\u00e1n\u00ed pr\u016fniku tepla do objektu, v\u00a0zim\u011b vyza\u0159ov\u00e1n\u00ed tepla z\u00a0objektu. Podstatn\u011b p\u0159isp\u00edvaj\u00ed ke sn\u00ed\u017een\u00ed tepeln\u00fdch ztr\u00e1t. Vysok\u00fd \u00fatlum UV z\u00e1\u0159en\u00ed p\u0159isp\u00edv\u00e1 k\u00a0ochran\u011b osob, k\u00a0zachov\u00e1n\u00ed barev materi\u00e1l\u016f v\u00a0interi\u00e9ru nebo v\u00fdmalby st\u011bn. F\u00f3lie chr\u00e1n\u00ed sklo p\u0159ed rozt\u0159\u00ed\u0161t\u011bn\u00edm a osoby p\u0159ed [&hellip;]","datePublished":"2025-02-27","dateModified":"2023-05-03","author":{"@type":"Person","@id":"https:\/\/www.vatera.cz\/author\/devene\/#Person","name":"devene","url":"https:\/\/www.vatera.cz\/author\/devene\/","identifier":1,"image":{"@type":"ImageObject","@id":"https:\/\/secure.gravatar.com\/avatar\/093836c6bc976bea6a4c3cd39f9136c261430c33201aa865249fef2be34e3fdb?s=96&d=mm&r=g","url":"https:\/\/secure.gravatar.com\/avatar\/093836c6bc976bea6a4c3cd39f9136c261430c33201aa865249fef2be34e3fdb?s=96&d=mm&r=g","height":96,"width":96}},"publisher":{"@type":"Organization","name":"vatera.cz","logo":{"@type":"ImageObject","@id":"\/logo.png","url":"\/logo.png","width":600,"height":60}},"image":{"@type":"ImageObject","@id":"https:\/\/www.vatera.cz\/wp-content\/uploads\/img_a295479_w2184_t1506803536.jpg","url":"https:\/\/www.vatera.cz\/wp-content\/uploads\/img_a295479_w2184_t1506803536.jpg","height":0,"width":0},"url":"https:\/\/www.vatera.cz\/protislunecni-folie\/","wordCount":477,"articleBody":"\u00b7\u00a0\u00a0\u00a0\u00a0\u00a0\u00a0\u00a0\u00a0 Tyto f\u00f3lie chr\u00e1n\u00ed proti horku, \u00faniku tepla a jsou k\u00a0ochran\u011b zraku s\u00a0mo\u017enost\u00ed omezen\u00ed osln\u011bn\u00edm. V\u00a0l\u00e9t\u011b okenn\u00ed f\u00f3lie br\u00e1n\u00ed pr\u016fniku tepla do objektu, v\u00a0zim\u011b vyza\u0159ov\u00e1n\u00ed tepla z\u00a0objektu. Podstatn\u011b p\u0159isp\u00edvaj\u00ed ke sn\u00ed\u017een\u00ed tepeln\u00fdch ztr\u00e1t. Vysok\u00fd \u00fatlum UV z\u00e1\u0159en\u00ed p\u0159isp\u00edv\u00e1 k\u00a0ochran\u011b osob, k\u00a0zachov\u00e1n\u00ed barev materi\u00e1l\u016f v\u00a0interi\u00e9ru nebo v\u00fdmalby st\u011bn. F\u00f3lie chr\u00e1n\u00ed sklo p\u0159ed rozt\u0159\u00ed\u0161t\u011bn\u00edm a osoby p\u0159ed poran\u011bn\u00edm. Po \u00faderu do skla se sice objev\u00ed praskliny v\u00a0z\u00e1vislosti na s\u00edle r\u00e1ny, ale popraskan\u00e9 sklo se nevysype a z\u016fst\u00e1v\u00e1 p\u0159ilepeno na f\u00f3lii. Okenn\u00ed f\u00f3lie vytv\u00e1\u0159ej\u00ed p\u0159\u00edjemn\u00e9 prost\u0159ed\u00ed, zlep\u0161uj\u00ed vzhled objektu t\u00f3nov\u00e1n\u00edm barev a sjednocen\u00edm vzhledu oken.\u00b7\u00a0\u00a0\u00a0\u00a0\u00a0\u00a0\u00a0\u00a0 Na nalepen\u00ed f\u00f3li\u00ed se pou\u017e\u00edv\u00e1 such\u00e9, roztokem aktivovan\u00e9 lepidlo. Je vhodn\u00e9 pro pra\u0161n\u011bj\u0161\u00ed prost\u0159ed\u00ed a umo\u017e\u0148uje manipulaci s\u00a0velk\u00fdmi kusy f\u00f3lie.\u00a0 Obvykl\u00e1 doba vytvrzen\u00ed v\u00a0tepl\u00fdch letn\u00edch dnech je asi 14 dn\u00ed. Je vhodn\u00e9 na pou\u017eit\u00ed protislune\u010dn\u00edch automobilov\u00fdch f\u00f3li\u00ed.\u00b7\u00a0\u00a0\u00a0\u00a0\u00a0\u00a0\u00a0\u00a0 Mont\u00e1\u017e f\u00f3li\u00ed mus\u00ed b\u00fdt spr\u00e1vn\u00e1 a je d\u016fle\u017eit\u00e9 se dr\u017eet pokyn\u016f v\u00fdrobce. Nespr\u00e1vn\u00e1 instalace m\u016f\u017ee zp\u016fsobit optick\u00e9 zkreslen\u00ed a celkov\u011b zhor\u0161en\u00ed vlastnost\u00ed dan\u00e9ho typu f\u00f3lie. V\u00fdrobce p\u0159ikl\u00e1d\u00e1 dobr\u00fd n\u00e1vod, se kter\u00fdm nen\u00ed probl\u00e9m f\u00f3lii dob\u0159e nainstalovat.\u00b7\u00a0\u00a0\u00a0\u00a0\u00a0\u00a0\u00a0\u00a0 P\u0159ed koup\u00ed si dob\u0159e p\u0159em\u011b\u0159te okenn\u00ed plochy, f\u00f3lie m\u00e1 \u0161\u00ed\u0159ku 1,52 metr\u016f. Perfektn\u011b odstra\u0148te \u010d\u00e1ste\u010dky rzi na okenn\u00edch r\u00e1mech, opr\u00fdskan\u00e9 laky, star\u00e9 drol\u00edc\u00ed se kyty a podobn\u00e9 ne\u010distoty, kter\u00e9 se m\u016f\u017eou p\u0159i instalaci na f\u00f3lii nachytat.\u00b7\u00a0\u00a0\u00a0\u00a0\u00a0\u00a0\u00a0\u00a0 Okenn\u00ed f\u00f3lie siln\u011b zviditel\u0148uje vady skla a ve\u0161ker\u00e9 ne\u010distoty, kter\u00e9 se na n\u00ed p\u0159i instalaci mohou nachytat.\u00b7\u00a0\u00a0\u00a0\u00a0\u00a0\u00a0\u00a0\u00a0 Je vhodn\u00e9 b\u011bhem mont\u00e1\u017ee omezit pohyb okolo a zamezit tak v\u00ed\u0159en\u00ed prachu a ne\u010distot. D\u016fkladn\u011b vytla\u010dte zbytky mont\u00e1\u017en\u00edho roztoku mezi sklem a f\u00f3li\u00ed.\u00b7\u00a0\u00a0\u00a0\u00a0\u00a0\u00a0\u00a0\u00a0 Vlhkost mezi sklem a f\u00f3li\u00ed m\u016f\u017ee vytv\u00e1\u0159et mapy, proto m\u011bjte plochu v\u017edy osu\u0161enou.\u00b7\u00a0\u00a0\u00a0\u00a0\u00a0\u00a0\u00a0\u00a0 Vlastn\u00ed mont\u00e1\u017e za\u010d\u00edn\u00e1 myt\u00edm okenn\u00edch ploch a jej\u00edm do\u010di\u0161t\u011bn\u00edm ocelovou \u017eiletkovou \u0161krabkou. Rozmot\u00e1te a vym\u011b\u0159\u00edte si f\u00f3lii. O\u010di\u0161t\u011bn\u00e9 sklo lehce nast\u0159\u00edkat mont\u00e1\u017en\u00edm roztokem. Mont\u00e1\u017e je vhodn\u00e9 prov\u00e1d\u011bt ve dvojici. Okenn\u00ed f\u00f3lie se usad\u00ed na nata\u017eenou vrstvu lepu a o\u0159\u00edzne se podle r\u00e1mu. Povrch f\u00f3lie se navlh\u010d\u00ed a speci\u00e1ln\u00edmi st\u011brkami se vytla\u010d\u00ed vzduch ven.Po vytvrzen\u00ed f\u00f3lie, kter\u00e9 trv\u00e1 zhruba 6 t\u00fddn\u016f, m\u016f\u017eete f\u00f3lii om\u00fdvat                                                                                                                                                                                                                                                                                                                                                                                                "},{"@context":"https:\/\/schema.org\/","@type":"BreadcrumbList","itemListElement":[{"@type":"ListItem","position":1,"name":"Protislune\u010dn\u00ed f\u00f3lie","item":"https:\/\/www.vatera.cz\/protislunecni-folie\/#breadcrumbitem"}]}]