[{"@context":"https:\/\/schema.org\/","@type":"Article","@id":"https:\/\/www.vatera.cz\/vylet-do-luzickych-hor-a-ceskeho-svycarska-s-pronajatym-vozem\/#Article","mainEntityOfPage":"https:\/\/www.vatera.cz\/vylet-do-luzickych-hor-a-ceskeho-svycarska-s-pronajatym-vozem\/","headline":"V\u00fdlet do Lu\u017eick\u00fdch hor a \u010cesk\u00e9ho \u0160v\u00fdcarska s pronajat\u00fdm vozem","name":"V\u00fdlet do Lu\u017eick\u00fdch hor a \u010cesk\u00e9ho \u0160v\u00fdcarska s pronajat\u00fdm vozem","description":"Zad\u00edv\u00e1te-li se na na\u0161i zemi z v\u00fd\u0161ky na podrobn\u011bj\u0161\u00ed map\u011b, z\u00e1hy si uv\u011bdom\u00edte, jak je sev\u0159en\u00e1 kolem dokola horsk\u00fdmi masivy. Jeden plynule p\u0159ech\u00e1z\u00ed v druh\u00fd, jejich n\u00e1zvy se d\u011bti u\u010d\u00ed ji\u017e na z\u00e1kladn\u00edch \u0161kol\u00e1ch, ale co je podstatn\u00e9 &#8211; m\u00e1me tu k dispozici horsk\u00e9 ter\u00e9ny, vhodn\u00e9 nejen pro ly\u017eov\u00e1n\u00ed, ale i v l\u00e9t\u011b na turistick\u00e9 [&hellip;]","datePublished":"2022-03-28","dateModified":"2023-05-03","author":{"@type":"Person","@id":"https:\/\/www.vatera.cz\/author\/devene\/#Person","name":"devene","url":"https:\/\/www.vatera.cz\/author\/devene\/","identifier":1,"image":{"@type":"ImageObject","@id":"https:\/\/secure.gravatar.com\/avatar\/093836c6bc976bea6a4c3cd39f9136c261430c33201aa865249fef2be34e3fdb?s=96&d=mm&r=g","url":"https:\/\/secure.gravatar.com\/avatar\/093836c6bc976bea6a4c3cd39f9136c261430c33201aa865249fef2be34e3fdb?s=96&d=mm&r=g","height":96,"width":96}},"publisher":{"@type":"Organization","name":"vatera.cz","logo":{"@type":"ImageObject","@id":"\/logo.png","url":"\/logo.png","width":600,"height":60}},"image":{"@type":"ImageObject","@id":"https:\/\/www.vatera.cz\/wp-content\/uploads\/view-55188_640.jpg","url":"https:\/\/www.vatera.cz\/wp-content\/uploads\/view-55188_640.jpg","height":0,"width":0},"url":"https:\/\/www.vatera.cz\/vylet-do-luzickych-hor-a-ceskeho-svycarska-s-pronajatym-vozem\/","about":["Podnik\u00e1n\u00ed"],"wordCount":412,"articleBody":"   Zad\u00edv\u00e1te-li se na na\u0161i zemi z v\u00fd\u0161ky na podrobn\u011bj\u0161\u00ed map\u011b, z\u00e1hy si uv\u011bdom\u00edte, jak je sev\u0159en\u00e1 kolem dokola horsk\u00fdmi masivy. Jeden plynule p\u0159ech\u00e1z\u00ed v druh\u00fd, jejich n\u00e1zvy se d\u011bti u\u010d\u00ed ji\u017e na z\u00e1kladn\u00edch \u0161kol\u00e1ch, ale co je podstatn\u00e9 &#8211; m\u00e1me tu k dispozici horsk\u00e9 ter\u00e9ny, vhodn\u00e9 nejen pro ly\u017eov\u00e1n\u00ed, ale i v l\u00e9t\u011b na turistick\u00e9 v\u00fdlety.Ta nejzn\u00e1m\u011bj\u0161\u00ed poho\u0159\u00ed jist\u011b dovedete hrav\u011b vyjmenovat, ale r\u00e1di bychom v\u00e1s zavedli tam, kde p\u0159\u00edli\u0161 mnoho turist\u016f nepotk\u00e1te, a kde se sv\u00fdm zp\u016fsobem zastavil \u010das. M\u016f\u017eete se do t\u011bchto m\u00edst sm\u011ble vydat v pronajat\u00e9m vozidle z p\u016fj\u010dovny aut v Praze a ve zkr\u00e1cen\u00e9m re\u017eimu v\u00edkendov\u00fdch v\u00fdlet\u016f, anebo formou v\u00edcedenn\u00ed dovolen\u00e9, byste tu mohli pro\u017e\u00edt b\u00e1je\u010dn\u00e9 okam\u017eiky. A pokud si je chcete u\u017e\u00edt do sv\u00e9ho maxima, napl\u00e1nujte si tu pobyt za slune\u010dn\u00e9ho tepl\u00e9ho po\u010das\u00ed, kdy tu krajina doslova hraje v\u0161emi barvami a kontrastuje se sluncem oz\u00e1\u0159enou modrou oblohou.N\u00e1rodn\u00ed park \u010cesk\u00e9 \u0160v\u00fdcarsko je poset\u00fd p\u00edskovcov\u00fdmi \u00fatvary, kter\u00e9 tu vznikaly d\u00edky p\u00edse\u010dn\u00fdm sediment\u016fm na mo\u0159sk\u00e9m dn\u011b miliony let. Jsou velmi p\u016fsobiv\u00e9 a doporu\u010dit bychom v\u00e1m mohli nav\u0161t\u00edvit Labsk\u00e9 p\u00edskovce, Prav\u010dickou br\u00e1nu, H\u0159ensko a Jet\u0159ichovick\u00e9 st\u011bny. Bude se v\u00e1m z t\u00e9 kr\u00e1sy tajit dech.Lu\u017eick\u00e9 hory byste nem\u011bli ponechat bez pov\u0161imnut\u00ed, nezaslou\u017e\u00ed si to. Je to krajina vhodn\u00e1 k meditaci, klidn\u00e9mu rozj\u00edm\u00e1n\u00ed a k dokonal\u00e9mu uvoln\u011bn\u00ed a regeneraci sil. Klidn\u011b za\u010dn\u011bte svou pou\u0165 ve m\u011bst\u011b Varnsdorf, tak trochu stranou z\u00e1jmu, kter\u00fd v\u0161ak proslavil na\u0161i zemi d\u00edky rozs\u00e1hl\u00e9 textiln\u00ed v\u00fdrob\u011b, zejm\u00e9na d\u00e1msk\u00fdch pun\u010doch. Z Varnsdorfu v\u00e1m m\u016f\u017eeme doporu\u010dit jet autem do Ji\u0159et\u00edna pod Jedlovou, k osad\u011b Lesn\u00e9 a d\u00e1le do Horn\u00ed Sv\u011btl\u00e9 a Krompachu. Vozidlo tu pak m\u016f\u017eete ponechat zaparkovan\u00e9 v n\u011bkter\u00e9m z m\u00edstn\u00edch penzion\u016f, kde se ubytujete, a mohli byste pak podniknout h\u0159ebenovou t\u00faru, zna\u010denou jako \u201eE3 H\u0159ebenovka\u201c, kter\u00e1 sm\u011b\u0159uje na horu Lu\u017e a ke z\u0159\u00edcenin\u011b hradu Tol\u0161tejn.                                                                                                                                                                                                                                                                                                                                                                                                  "},{"@context":"https:\/\/schema.org\/","@type":"BreadcrumbList","itemListElement":[{"@type":"ListItem","position":1,"name":"V\u00fdlet do Lu\u017eick\u00fdch hor a \u010cesk\u00e9ho \u0160v\u00fdcarska s pronajat\u00fdm vozem","item":"https:\/\/www.vatera.cz\/vylet-do-luzickych-hor-a-ceskeho-svycarska-s-pronajatym-vozem\/#breadcrumbitem"}]}]